{"id":46439,"date":"2019-01-14T11:22:22","date_gmt":"2019-01-14T13:22:22","guid":{"rendered":"http:\/\/catolicanet.net\/wp-cnet\/?p=46439"},"modified":"2019-01-21T16:40:28","modified_gmt":"2019-01-21T18:40:28","slug":"falecimento-padre-paulo-augusto-farina","status":"publish","type":"post","link":"https:\/\/catolicanet.net\/wp-cnet\/falecimento-padre-paulo-augusto-farina\/","title":{"rendered":"Falecimento: Padre Paulo Augusto Farina"},"content":{"rendered":"<p style=\"text-align: justify;\">A Arquidiocese de Passo Fundo\u00a0comunica e lamenta o falecimento do padre Paulo Augusto Farina &#8211; superintendente da Funda\u00e7\u00e3o Beneficente Lucas Ara\u00fajo e, tamb\u00e9m, primeiro diretor da R\u00e1dio Planalto.<\/p>\n<p style=\"text-align: justify;\">O falecimento aconteceu por volta das 23h deste domingo, 13, em fun\u00e7\u00e3o de uma hemorragia provocada por um tumor.\u00a0O corpo est\u00e1 sendo velado nesta segunda-feira, na Catedral Metropolitana, em Passo Fundo. A Celebra\u00e7\u00e3o das Ex\u00e9quias e Missa de Corpo Presente ser\u00e1 realizada tamb\u00e9m na Catedral, \u00e0s 16h.<\/p>\n<p style=\"text-align: justify;\"><strong>Vida e testemunho<\/strong><\/p>\n<p style=\"text-align: justify;\">Vindo de uma fam\u00edlia de cinco irm\u00e3os, padre Paulo Augusto Farina nasceu no dia 24 de junho de 1929, em Alfredo Chaves &#8211; hoje Veran\u00f3polis -, onde passou sua inf\u00e2ncia.\u00a0Mais tarde, entre os anos de 1950 e 1956, estudou Filosofia e Teologia, no Semin\u00e1rio Central Nossa Senhora da Concei\u00e7\u00e3o, em S\u00e3o Leopoldo. Em 1970, iniciou a faculdade de Direito na Universidade de Passo Fundo, concluindo o curso em 1974. Em 1977,\u00a0foi licenciado em Filosofia pela mesma Universidade. Antes disso, em 1971, se tornou jornalista profissional atrav\u00e9s do Decreto 65912 e, em 1980, radialista pela Lei 6.615.<\/p>\n<p style=\"text-align: justify;\">Sua voca\u00e7\u00e3o surgiu a partir da aproxima\u00e7\u00e3o da fam\u00edlia com a Igreja. Aos poucos, o jovem foi sentindo o chamado e, logo, ingressou no Semin\u00e1rio, em Gravata\u00ed. Foi ordenado padre em 1956, na par\u00f3quia S\u00e3o Luiz Gonzaga, em Veran\u00f3polis, por dom Ant\u00f4nio Zattera e, desde ent\u00e3o, procurou seguir o lema escolhido: <strong>&#8220;Jesus, ser vosso e levar todos a V\u00f3s&#8221;.<\/strong><em>\u00a0<\/em>Em entrevista a Dom Erc\u00edlio Simon, em setembro de 2006, para o livro &#8220;Nossos Padres, nossos her\u00f3is&#8221;, padre Paulo destacou que a proposta do seu lema sempre foi de dedicar a vida a Cristo.<em>\u00a0&#8220;No nosso racioc\u00ednio, no nosso sentimento, al\u00e9m de mantermo-nos fi\u00e9is ao Senhor, o desempenho, a nossa doa\u00e7\u00e3o de vida, s\u00f3 valeria a pena, se arrebat\u00e1ssemos um bom rebanho, se conquist\u00e1ssemos muitos outros oper\u00e1rios para as vinhas do Senhor&#8221;.<\/em><\/p>\n<p style=\"text-align: justify;\">Desde a sua ordena\u00e7\u00e3o, atuou como vig\u00e1rio paroquial na Catedral Metropolitana, em Passo Fundo &#8211; onde j\u00e1 havia exercido o subdiaconato. Em 1956, logo que ordenado, foi encarregado do Asilo Lucas Ara\u00fajo &#8211; hoje Funda\u00e7\u00e3o Beneficente Lucas Ara\u00fajo -, onde\u00a0dedicou sua vida, esfor\u00e7os e aten\u00e7\u00e3o e atuou at\u00e9 a sua morte como superintendente. Tamb\u00e9m esteve junto \u00e0 Juventude Oper\u00e1ria Cat\u00f3lica e\u00a0aos Vicentinos. Em 1969, se tornou o primeiro diretor da R\u00e1dio Planalto, cargo exercido at\u00e9 1983.<\/p>\n<p style=\"text-align: justify;\">Tamb\u00e9m atuou como C\u00f4nego do Cabido Diocesano e como diretor da C\u00e1ritas Diocesana. Em rela\u00e7\u00e3o ao seu trabalho e minist\u00e9rio &#8211; especialmente\u00a0junto \u00e0 Funda\u00e7\u00e3o e \u00e0 R\u00e1dio Planalto -,\u00a0padre Paulo destaca, no mesmo livro, que foram tempos de felicidade e entrega.\u00a0&#8220;<em>Posso dizer que nem vi o tempo passar. Considero-me realizado, apesar das muitas pedras ao longo do caminho. Manter-se firme na miss\u00e3o nos dias de hoje \u00e9 quase um hero\u00edsmo. Valeu a pena nadar contra a correnteza. Sentimos agora o sabor da vit\u00f3ria e da realiza\u00e7\u00e3o. O testemunho de tantos leigos fi\u00e9is e sinceros, nos ajudaram a manter-nos no barco da Igreja, no caminho tra\u00e7ado para n\u00f3s. A miss\u00e3o do sacerdote com certeza n\u00e3o \u00e9 sombra e \u00e1gua fresca, mas vale a pena. Vale muito a pena&#8221;.\u00a0<\/em><\/p>\n<p style=\"text-align: justify;\">Pedimos que neste momento a comunidade possa se unir em ora\u00e7\u00e3o pelos familiares e amigos do padre Paulo Farina e que Deus lhes d\u00ea o conforto necess\u00e1rio nesse momento de dor.<\/p>\n","protected":false},"excerpt":{"rendered":"<p>A Arquidiocese de Passo Fundo\u00a0comunica e lamenta o falecimento do padre Paulo Augusto Farina &#8211; superintendente da Funda\u00e7\u00e3o Beneficente Lucas Ara\u00fajo e, tamb\u00e9m, primeiro diretor da R\u00e1dio Planalto. O falecimento aconteceu por volta das 23h deste domingo, 13, em fun\u00e7\u00e3o de uma hemorragia provocada por um tumor.\u00a0O corpo est\u00e1 sendo velado nesta segunda-feira, na Catedral [&hellip;]<\/p>\n","protected":false},"author":1,"featured_media":46440,"comment_status":"open","ping_status":"closed","sticky":false,"template":"","format":"standard","meta":{"footnotes":""},"categories":[4],"tags":[],"class_list":["post-46439","post","type-post","status-publish","format-standard","has-post-thumbnail","hentry","category-cotidiano"],"_links":{"self":[{"href":"https:\/\/catolicanet.net\/wp-cnet\/wp-json\/wp\/v2\/posts\/46439","targetHints":{"allow":["GET"]}}],"collection":[{"href":"https:\/\/catolicanet.net\/wp-cnet\/wp-json\/wp\/v2\/posts"}],"about":[{"href":"https:\/\/catolicanet.net\/wp-cnet\/wp-json\/wp\/v2\/types\/post"}],"author":[{"embeddable":true,"href":"https:\/\/catolicanet.net\/wp-cnet\/wp-json\/wp\/v2\/users\/1"}],"replies":[{"embeddable":true,"href":"https:\/\/catolicanet.net\/wp-cnet\/wp-json\/wp\/v2\/comments?post=46439"}],"version-history":[{"count":1,"href":"https:\/\/catolicanet.net\/wp-cnet\/wp-json\/wp\/v2\/posts\/46439\/revisions"}],"predecessor-version":[{"id":46441,"href":"https:\/\/catolicanet.net\/wp-cnet\/wp-json\/wp\/v2\/posts\/46439\/revisions\/46441"}],"wp:featuredmedia":[{"embeddable":true,"href":"https:\/\/catolicanet.net\/wp-cnet\/wp-json\/wp\/v2\/media\/46440"}],"wp:attachment":[{"href":"https:\/\/catolicanet.net\/wp-cnet\/wp-json\/wp\/v2\/media?parent=46439"}],"wp:term":[{"taxonomy":"category","embeddable":true,"href":"https:\/\/catolicanet.net\/wp-cnet\/wp-json\/wp\/v2\/categories?post=46439"},{"taxonomy":"post_tag","embeddable":true,"href":"https:\/\/catolicanet.net\/wp-cnet\/wp-json\/wp\/v2\/tags?post=46439"}],"curies":[{"name":"wp","href":"https:\/\/api.w.org\/{rel}","templated":true}]}}