{"id":46423,"date":"2019-01-09T14:53:17","date_gmt":"2019-01-09T16:53:17","guid":{"rendered":"http:\/\/catolicanet.net\/wp-cnet\/?p=46423"},"modified":"2019-01-18T15:01:48","modified_gmt":"2019-01-18T17:01:48","slug":"batizados-em-cristo","status":"publish","type":"post","link":"https:\/\/catolicanet.net\/wp-cnet\/batizados-em-cristo\/","title":{"rendered":"Batizados em Cristo!"},"content":{"rendered":"<p style=\"text-align: justify;\">A liturgia deste domingo tem como cen\u00e1rio de fundo o projeto salvador de Deus. No Batismo de Jesus nas margens do Jord\u00e3o, revela-se o Filho amado de Deus, que veio ao mundo enviado pelo Pai, com a miss\u00e3o de salvar e libertar os homens. Cumprindo o projeto do Pai, Jesus fez-Se um de n\u00f3s, partilhou a nossa fragilidade e humanidade, libertou-nos do ego\u00edsmo e do pecado, empenhou-Se em promover-nos para que pud\u00e9ssemos chegar \u00e0 vida plena. O Batismo de Cristo assinala o in\u00edcio de seu minist\u00e9rio p\u00fablico. Jesus, o enviado do Pai, \u00e9 agora manifestado como seu Filho amado; e, com a un\u00e7\u00e3o do Divino Esp\u00edrito Santo, \u00e9 investido da miss\u00e3o de Profeta, Sacerdote e Rei. Tal investidura ser\u00e1 manifestada a partir de agora em sua vida p\u00fablica: nas curas por ele realizadas, nos exorcismos, e, sobretudo, no mist\u00e9rio pascal, em sua paix\u00e3o, morte e ressurrei\u00e7\u00e3o, para onde toda a sua a\u00e7\u00e3o p\u00fablica aponta e encontra seu significado.<\/p>\n<p style=\"text-align: justify;\">A primeira leitura(cf. Is 42,1-4.6-7) anuncia um misterioso \u201cServo\u201d, escolhido por Deus e enviado aos homens para instaurar um mundo de justi\u00e7a e de paz sem fim. Animado pelo Esp\u00edrito de Deus, Ele concretizar\u00e1 essa miss\u00e3o com humildade e simplicidade, sem recorrer ao poder, \u00e0 imposi\u00e7\u00e3o, \u00e0 prepot\u00eancia, pois esses esquemas n\u00e3o s\u00e3o os de Deus.<\/p>\n<p style=\"text-align: justify;\">No Evangelho(cf. Lc 3,15-16.21-22), aparece-nos a concretiza\u00e7\u00e3o da promessa prof\u00e9tica veiculada pela primeira leitura: Jesus \u00e9 o Filho\/\u201dServo\u201d enviado pelo Pai, sobre quem repousa o Esp\u00edrito, e cuja miss\u00e3o \u00e9 realizar a liberta\u00e7\u00e3o dos homens. Obedecendo ao Pai, Ele tornou-se pessoa, identificou-Se com as fragilidades dos homens, caminhou ao lado deles, a fim de os promover e de os levar \u00e0 reconcilia\u00e7\u00e3o com Deus, \u00e0 vida em plenitude.<\/p>\n<p style=\"text-align: justify;\">A segunda leitura(cf. At 10,34-38) reafirma que Jesus \u00e9 o Filho amado que o Pai enviou ao mundo para concretizar um projeto de salva\u00e7\u00e3o; por isso, Ele \u201cpassou pelo mundo fazendo o bem\u201d e libertando todos os que eram oprimidos. \u00c9 este o testemunho que os disc\u00edpulos devem dar, para que a salva\u00e7\u00e3o que Deus oferece chegue a todos os povos da terra.<\/p>\n<p style=\"text-align: justify;\">Jesus quis ser batizado por S\u00e3o Jo\u00e3o Batista mesmo sendo um batismo de cunho penitencial e purificat\u00f3rio. Jesus n\u00e3o possu\u00eda nenhum pecado, mas tomou sobre si os pecados dos outros, assumindo o pecado de toda a humanidade. S\u00e3o Lucas, S\u00e3o Mateus e S\u00e3o Marcos mencionam que no momento em que Jesus, tamb\u00e9m batizado, achava-se em ora\u00e7\u00e3o, os c\u00e9us se rasgaram e o Esp\u00edrito Santo em forma de pomba desceu sobre ele(cf. Lc 3,21; Mt 3,16; Mc 1,10); ouvi-se uma voz vinda do c\u00e9u: \u201cTu \u00e9s o meu Filho querido. Em ti eu me regozijo\u201d(Cf. Mc 1,11; Mt 3,17).<\/p>\n<p style=\"text-align: justify;\">S\u00e3o Lucas \u00e9 o \u00fanico evangelista que menciona o v. 7 do Salmo 2, que diz: \u201cTu \u00e9s meu Filho, eu hoje te gerei\u201d(cf. Lc 3,22), para dizer que Jesus \u00e9 o representante do homem novo, fruto da nova cria\u00e7\u00e3o, ungido para a obra da salva\u00e7\u00e3o humana cujo ponto culminante foi seu Batismo de sangue em sua paix\u00e3o redentora. Com a inesperada revela\u00e7\u00e3o trinit\u00e1ria de Deus, os evangelistas ressaltam a un\u00e7\u00e3o e a miss\u00e3o de Jesus, deixando em segundo plano o car\u00e1ter penitencial e de purifica\u00e7\u00e3o do Batismo recebido por ele. Os evangelistas nada mencionam de como Jesus tratava Deus antes de ser batizado; o fato \u00e9 que ap\u00f3s o Batismo, Jesus sempre chamar\u00e1 Deus de Abb\u00e1, que significa Papai(cf. Mc 23,9\u00e7 Mc 14,36). Jesus sente-se o Filho querido e age com uma inabal\u00e1vel confian\u00e7a em Deus; a vontade de Deus era a sua vontade. Jesus deseja que tamb\u00e9m ajamos assim com o Pai. Jesus, mesmo sendo Deus, era humano como n\u00f3s e, como Filho querido, correspondia \u00e0s gra\u00e7as do Pai e procurava dar sempre alegria a ele. J\u00e1 sabemos que somos filhos e filhas queridos de Deus; agora s\u00f3 nos resta alegrar o cora\u00e7\u00e3o do nosso Pai, procurando ser fi\u00e9is aos ensinamentos de seu Filho Jesus e conduzidos pelo seu Esp\u00edrito Santo, vivendo uma vida de caridade fraterna, solidariedade e compaix\u00e3o, especialmente com os mais pobres, humildes, exclu\u00eddos, necessitados, e sobretudo, amando as pessoas mais dif\u00edceis de se amar.<\/p>\n<p style=\"text-align: justify;\">\u00a0\u00a0\u00a0\u00a0\u00a0\u00a0\u00a0\u00a0\u00a0\u00a0\u00a0 Celebrar o Batismo do Senhor \u00e9 estar em profunda adora\u00e7\u00e3o do Mist\u00e9rio de deus que manifesta no meio de n\u00f3s. Por isso, agradecidos por sermos batizados e membros da Igreja de Cristo, deixemos que a voz do Pai preencha o nosso esp\u00edrito e abramo-nos \u00e0 chama da f\u00e9 que o Esp\u00edrito Santo acende em cada um de n\u00f3s!<\/p>\n","protected":false},"excerpt":{"rendered":"<p>A liturgia deste domingo tem como cen\u00e1rio de fundo o projeto salvador de Deus. No Batismo de Jesus nas margens do Jord\u00e3o, revela-se o Filho amado de Deus, que veio ao mundo enviado pelo Pai, com a miss\u00e3o de salvar e libertar os homens. Cumprindo o projeto do Pai, Jesus fez-Se um de n\u00f3s, partilhou [&hellip;]<\/p>\n","protected":false},"author":10,"featured_media":0,"comment_status":"open","ping_status":"closed","sticky":false,"template":"","format":"standard","meta":{"footnotes":""},"categories":[9],"tags":[],"class_list":["post-46423","post","type-post","status-publish","format-standard","hentry","category-artigos"],"_links":{"self":[{"href":"https:\/\/catolicanet.net\/wp-cnet\/wp-json\/wp\/v2\/posts\/46423","targetHints":{"allow":["GET"]}}],"collection":[{"href":"https:\/\/catolicanet.net\/wp-cnet\/wp-json\/wp\/v2\/posts"}],"about":[{"href":"https:\/\/catolicanet.net\/wp-cnet\/wp-json\/wp\/v2\/types\/post"}],"author":[{"embeddable":true,"href":"https:\/\/catolicanet.net\/wp-cnet\/wp-json\/wp\/v2\/users\/10"}],"replies":[{"embeddable":true,"href":"https:\/\/catolicanet.net\/wp-cnet\/wp-json\/wp\/v2\/comments?post=46423"}],"version-history":[{"count":1,"href":"https:\/\/catolicanet.net\/wp-cnet\/wp-json\/wp\/v2\/posts\/46423\/revisions"}],"predecessor-version":[{"id":46424,"href":"https:\/\/catolicanet.net\/wp-cnet\/wp-json\/wp\/v2\/posts\/46423\/revisions\/46424"}],"wp:attachment":[{"href":"https:\/\/catolicanet.net\/wp-cnet\/wp-json\/wp\/v2\/media?parent=46423"}],"wp:term":[{"taxonomy":"category","embeddable":true,"href":"https:\/\/catolicanet.net\/wp-cnet\/wp-json\/wp\/v2\/categories?post=46423"},{"taxonomy":"post_tag","embeddable":true,"href":"https:\/\/catolicanet.net\/wp-cnet\/wp-json\/wp\/v2\/tags?post=46423"}],"curies":[{"name":"wp","href":"https:\/\/api.w.org\/{rel}","templated":true}]}}