{"id":4642,"date":"2014-05-22T03:00:00","date_gmt":"2014-05-22T06:00:00","guid":{"rendered":"http:\/\/catolicanet.net\/wp-cnet\/nota-da-comissao-justica-e-paz-sobre-a-execucao-da-acao-penal-470\/"},"modified":"2017-04-05T15:03:28","modified_gmt":"2017-04-05T18:03:28","slug":"nota-da-comissao-justica-e-paz-sobre-a-execucao-da-acao-penal-470","status":"publish","type":"post","link":"https:\/\/catolicanet.net\/wp-cnet\/nota-da-comissao-justica-e-paz-sobre-a-execucao-da-acao-penal-470\/","title":{"rendered":"Nota da Comiss\u00e3o Justi\u00e7a e Paz sobre a execu\u00e7\u00e3o da A\u00e7\u00e3o Penal 470"},"content":{"rendered":"<p style=\"text-align: justify;\"><img decoding=\"async\" src=\"http:\/\/catolicanet.com.br\/images\/stories\/cbjplogo.jpg\" border=\"0\" align=\"left\" \/>Comiss\u00e3o Brasileira Justi\u00e7a e Paz (CBJP), organismo vinculado \u00e0 CNBB, emitiu nota ontem, 22, sobre a execu\u00e7\u00e3o da A\u00e7\u00e3o Penal 470. No texto, a Comiss\u00e3o comenta as decis\u00f5es da presid\u00eancia do Supremo Tribunal Federal sobre esta A\u00e7\u00e3o Penal e repudia a \u201cpol\u00edtica de encarceramento em massa, que penaliza especialmente negros e pobres\u201d.<\/p>\n<p> De acordo com a nota, a Comiss\u00e3o entende ser necess\u00e1rio o imediato debate acerca das situa\u00e7\u00f5es do sistema prisional brasileiro, \u201catentado direto \u00e0 dignidade humana\u201d.\u00a0 <\/p>\n<p>&#8220;A CBJP tem a firme convic\u00e7\u00e3o de que as institui\u00e7\u00f5es n\u00e3o podem ser dependentes de virtudes ou temperamentos individuais\u201d.<\/p>\n<p>Leia a \u00edntegra do texto:<\/p>\n<p>Nota da Comiss\u00e3o Brasileira Justi\u00e7a e Paz sobre a execu\u00e7\u00e3o da A\u00e7\u00e3o Penal 470<\/p>\n<p>As decis\u00f5es proferidas pela Presid\u00eancia do Supremo Tribunal Federal sobre a execu\u00e7\u00e3o da A\u00e7\u00e3o Penal 470 (mensal\u00e3o) que t\u00eam suscitado cr\u00edticas e preocupa\u00e7\u00f5es na sociedade civil em geral e na comunidade jur\u00eddica em particular, exigem o inadi\u00e1vel debate acerca das situa\u00e7\u00f5es prec\u00e1rias, desumanas e profundamente injustas do sistema prisional brasileiro.<\/p>\n<p>A Pastoral Carcer\u00e1ria, em recente nota, referiu-se \u00e0 Justi\u00e7a Criminal como um \u201cmoinho de gastar gente\u201d por causa de decis\u00f5es judiciais que levam a \u201ccondena\u00e7\u00f5es sem provas\u201d e \u201cnegam a letra da lei\u201d com \u201cinterpreta\u00e7\u00f5es jur\u00eddicas absurdas\u201d. Inseriu, neste contexto, a situa\u00e7\u00e3o dos presos da A\u00e7\u00e3o Penal 470 ao denunciar o conjunto do sistema penitenci\u00e1rio, violento e perverso, que priva os apenados \u201cdos cuidados de sa\u00fade e de higiene mais b\u00e1sicos\u201d e carece de pol\u00edticas p\u00fablicas para sua inser\u00e7\u00e3o no mercado de trabalho.<\/p>\n<p>A Comiss\u00e3o Brasileira Justi\u00e7a e Paz, organismo vinculado \u00e0 CNBB, soma-se \u00e0 Pastoral Carcer\u00e1ria e \u201crepudia\u201d o conte\u00fado destas decis\u00f5es, bem como a pol\u00edtica de encarceramento em massa, que penaliza especialmente negros e pobres, com in\u00fameras pr\u00e1ticas cru\u00e9is, estendidas aos familiares e amigos dos presos, como a \u201crevista vexat\u00f3ria\u201d, atentado direto \u00e0 dignidade humana.<\/p>\n<p>A independ\u00eancia do Poder Judici\u00e1rio somente realiza a necess\u00e1ria seguran\u00e7a jur\u00eddica em sua plenitude, quando viabiliza sem obst\u00e1culos o amplo direito de defesa e a completa isen\u00e7\u00e3o na an\u00e1lise objetiva das provas. Ela \u00e9 imprescind\u00edvel na rela\u00e7\u00e3o do Judici\u00e1rio com os meios de comunica\u00e7\u00e3o, n\u00e3o se podendo confundir transpar\u00eancia nos julgamentos com exposi\u00e7\u00e3o e execra\u00e7\u00e3o p\u00fablica dos r\u00e9us.<\/p>\n<p>A CBJP tem a firme convic\u00e7\u00e3o de que as institui\u00e7\u00f5es n\u00e3o podem ser dependentes de virtudes ou temperamentos individuais. N\u00e3o \u00e9 l\u00edcito que atos pol\u00edticos, administrativos e jur\u00eddicos levem a insuflar na sociedade o esp\u00edrito de vingan\u00e7a e de \u201cjusti\u00e7amento\u201d. Os fatos aqui examinados revelam a urg\u00eancia de um di\u00e1logo transparente sobre a necess\u00e1ria reforma do Judici\u00e1rio e o saneamento de todo o sistema prisional brasileiro.<\/p>\n<p style=\"text-align: justify;\">\u00a0<\/p>\n<p style=\"text-align: center;\">Bras\u00edlia, 22 de maio de 2014<\/p>\n<p>Pedro Gontijo<\/p>\n<p>Secret\u00e1rio Executivo da Comiss\u00e3o Brasileira Justi\u00e7a e Paz da CNBB<\/p>\n","protected":false},"excerpt":{"rendered":"<p>Comiss\u00e3o Brasileira Justi\u00e7a e Paz (CBJP), organismo vinculado \u00e0 CNBB, emitiu nota ontem, 22, sobre a execu\u00e7\u00e3o da A\u00e7\u00e3o Penal 470. No texto, a Comiss\u00e3o comenta as decis\u00f5es da presid\u00eancia do Supremo Tribunal Federal sobre esta A\u00e7\u00e3o Penal e repudia a \u201cpol\u00edtica de encarceramento em massa, que penaliza especialmente negros e pobres\u201d. De acordo com [&hellip;]<\/p>\n","protected":false},"author":1,"featured_media":0,"comment_status":"closed","ping_status":"closed","sticky":false,"template":"","format":"standard","meta":{"footnotes":""},"categories":[7],"tags":[],"class_list":["post-4642","post","type-post","status-publish","format-standard","hentry","category-cnbb"],"_links":{"self":[{"href":"https:\/\/catolicanet.net\/wp-cnet\/wp-json\/wp\/v2\/posts\/4642","targetHints":{"allow":["GET"]}}],"collection":[{"href":"https:\/\/catolicanet.net\/wp-cnet\/wp-json\/wp\/v2\/posts"}],"about":[{"href":"https:\/\/catolicanet.net\/wp-cnet\/wp-json\/wp\/v2\/types\/post"}],"author":[{"embeddable":true,"href":"https:\/\/catolicanet.net\/wp-cnet\/wp-json\/wp\/v2\/users\/1"}],"replies":[{"embeddable":true,"href":"https:\/\/catolicanet.net\/wp-cnet\/wp-json\/wp\/v2\/comments?post=4642"}],"version-history":[{"count":1,"href":"https:\/\/catolicanet.net\/wp-cnet\/wp-json\/wp\/v2\/posts\/4642\/revisions"}],"predecessor-version":[{"id":9566,"href":"https:\/\/catolicanet.net\/wp-cnet\/wp-json\/wp\/v2\/posts\/4642\/revisions\/9566"}],"wp:attachment":[{"href":"https:\/\/catolicanet.net\/wp-cnet\/wp-json\/wp\/v2\/media?parent=4642"}],"wp:term":[{"taxonomy":"category","embeddable":true,"href":"https:\/\/catolicanet.net\/wp-cnet\/wp-json\/wp\/v2\/categories?post=4642"},{"taxonomy":"post_tag","embeddable":true,"href":"https:\/\/catolicanet.net\/wp-cnet\/wp-json\/wp\/v2\/tags?post=4642"}],"curies":[{"name":"wp","href":"https:\/\/api.w.org\/{rel}","templated":true}]}}