{"id":46416,"date":"2019-01-14T14:25:45","date_gmt":"2019-01-14T16:25:45","guid":{"rendered":"http:\/\/catolicanet.net\/wp-cnet\/?p=46416"},"modified":"2019-01-21T16:36:24","modified_gmt":"2019-01-21T18:36:24","slug":"jovens-de-santo-amaro-se-preparam-para-ir-ao-encontro-do-papa-francisco-na-jornada-mundial-da-juventude-jmj-no-panama","status":"publish","type":"post","link":"https:\/\/catolicanet.net\/wp-cnet\/jovens-de-santo-amaro-se-preparam-para-ir-ao-encontro-do-papa-francisco-na-jornada-mundial-da-juventude-jmj-no-panama\/","title":{"rendered":"Jovens de Santo Amaro se preparam para ir ao encontro do Papa Francisco na Jornada Mundial da Juventude (JMJ) no Panam\u00e1"},"content":{"rendered":"<p>Faltam pouco para a Jornada Mundial da Juventude (JMJ), que acontecer\u00e1 de 22 a 27 de janeiro de 2019, no Panam\u00e1.<\/p>\n<p>Para viabilizar a viagem, Cristiano e Amanda realizaram atividades para arrecadar dinheiro de Rifas a vendas de artigos religiosos e bolos. O casal da Par\u00f3quia S\u00e3o Jos\u00e9 n\u00e3o mediram esfor\u00e7os para estar na JMJ 2019 \u00a0e conseguiram com muito esfor\u00e7o e com ajuda da comunidade.<\/p>\n<p>Todo sacrif\u00edcio \u00e9 v\u00e1lido para estar na Jornada Mundial da Juventude com o Papa Francisco.<\/p>\n<p>Cristiano e Amanda j\u00e1 se preparam para o maior encontro da juventude cat\u00f3lica.<\/p>\n<p>Eles se conheceram na jornada do Rio de Janeiro em 2013 , ali nasceu uma grande amizade onde se transformou em AMOR. Eles embarcam no dia 16 de janeiro para Costa Rica de l\u00e1 ir\u00e3o para o Panam\u00e1 se juntar a milhares de jovens e ter um encontro com Papa Francisco.<\/p>\n<p>\u201cParticipar deste evento \u00e9 renovar o \u2018ser Igreja\u2019, \u00e9 alimentar a unidade em nosso cora\u00e7\u00e3o. Em meio a tantas ideologias e novas denomina\u00e7\u00f5es poder presenciar que nossa Igreja \u00e9 viva e jovem, reaviva em nosso cora\u00e7\u00e3o o desejo de pertencer a ela e faz\u00ea-la dar frutos atrav\u00e9s de nossa busca pela santidade. \u00c9 ent\u00e3o tamb\u00e9m uma renova\u00e7\u00e3o de f\u00e9\u201d, destaca Cristiano Simi\u00e3o (Coordenador do Grupo de Jovens Intercessores De Assis) &#8211; Par\u00f3quia S\u00e3o Jos\u00e9.<\/p>\n<p>A JMJ \u00e9 um evento criado por S\u00e3o Jo\u00e3o Paulo II, em 1986, que re\u00fane jovens cat\u00f3licos de todo o mundo. Tem o intuito de celebrar a f\u00e9 em Jesus Cristo e mostrar o rosto jovem da Igreja. A maior reuni\u00e3o de jovens cat\u00f3licos do mundo tem atravessado gera\u00e7\u00f5es e fronteiras, e reunindo pessoas dos quatro cantos do planeta.<\/p>\n","protected":false},"excerpt":{"rendered":"<p>Faltam pouco para a Jornada Mundial da Juventude (JMJ), que acontecer\u00e1 de 22 a 27 de janeiro de 2019, no Panam\u00e1. Para viabilizar a viagem, Cristiano e Amanda realizaram atividades para arrecadar dinheiro de Rifas a vendas de artigos religiosos e bolos. O casal da Par\u00f3quia S\u00e3o Jos\u00e9 n\u00e3o mediram esfor\u00e7os para estar na JMJ [&hellip;]<\/p>\n","protected":false},"author":1,"featured_media":46501,"comment_status":"open","ping_status":"closed","sticky":false,"template":"","format":"standard","meta":{"footnotes":""},"categories":[4],"tags":[],"class_list":["post-46416","post","type-post","status-publish","format-standard","has-post-thumbnail","hentry","category-cotidiano"],"_links":{"self":[{"href":"https:\/\/catolicanet.net\/wp-cnet\/wp-json\/wp\/v2\/posts\/46416","targetHints":{"allow":["GET"]}}],"collection":[{"href":"https:\/\/catolicanet.net\/wp-cnet\/wp-json\/wp\/v2\/posts"}],"about":[{"href":"https:\/\/catolicanet.net\/wp-cnet\/wp-json\/wp\/v2\/types\/post"}],"author":[{"embeddable":true,"href":"https:\/\/catolicanet.net\/wp-cnet\/wp-json\/wp\/v2\/users\/1"}],"replies":[{"embeddable":true,"href":"https:\/\/catolicanet.net\/wp-cnet\/wp-json\/wp\/v2\/comments?post=46416"}],"version-history":[{"count":1,"href":"https:\/\/catolicanet.net\/wp-cnet\/wp-json\/wp\/v2\/posts\/46416\/revisions"}],"predecessor-version":[{"id":46421,"href":"https:\/\/catolicanet.net\/wp-cnet\/wp-json\/wp\/v2\/posts\/46416\/revisions\/46421"}],"wp:featuredmedia":[{"embeddable":true,"href":"https:\/\/catolicanet.net\/wp-cnet\/wp-json\/wp\/v2\/media\/46501"}],"wp:attachment":[{"href":"https:\/\/catolicanet.net\/wp-cnet\/wp-json\/wp\/v2\/media?parent=46416"}],"wp:term":[{"taxonomy":"category","embeddable":true,"href":"https:\/\/catolicanet.net\/wp-cnet\/wp-json\/wp\/v2\/categories?post=46416"},{"taxonomy":"post_tag","embeddable":true,"href":"https:\/\/catolicanet.net\/wp-cnet\/wp-json\/wp\/v2\/tags?post=46416"}],"curies":[{"name":"wp","href":"https:\/\/api.w.org\/{rel}","templated":true}]}}