{"id":46414,"date":"2019-01-07T08:24:22","date_gmt":"2019-01-07T10:24:22","guid":{"rendered":"http:\/\/catolicanet.net\/wp-cnet\/?p=46414"},"modified":"2019-01-15T08:26:51","modified_gmt":"2019-01-15T10:26:51","slug":"a-logica-da-vida","status":"publish","type":"post","link":"https:\/\/catolicanet.net\/wp-cnet\/a-logica-da-vida\/","title":{"rendered":"A l\u00f3gica da vida"},"content":{"rendered":"<p style=\"text-align: justify;\">Deus criou as pessoas homem e mulher. Ao ser humano Ele deu o \u201csopro da vida\u201d (Gn 2,7). N\u00e3o \u00e9 uma vida qualquer, porque ela tem semelhan\u00e7a com o Criador, e todas as outras vidas est\u00e3o em fun\u00e7\u00e3o da vida humana. Apenas o ser humano \u00e9 capaz de criar intimidade com Deus na eternidade. No Projeto querido pelo Criador, o homem e a mulher constituem uma unidade e com igual dignidade.<\/p>\n<p style=\"text-align: justify;\">Toda cria\u00e7\u00e3o tem como identidade a l\u00f3gica da vida, mas em fun\u00e7\u00e3o da vida humana. O objetivo de ser humano \u00e9 realizar a justi\u00e7a e promover o direito para que haja harmonia em toda obra criada. A falta da justi\u00e7a e da pr\u00e1tica do direito ocasionam viol\u00eancia e as a\u00e7\u00f5es que veem da\u00ed facilitam muito a generaliza\u00e7\u00e3o incontrol\u00e1vel da injusti\u00e7a, prejudicando a tranquilidade da sociedade.<\/p>\n<p style=\"text-align: justify;\">As pessoas, homem e mulher, foram criadas \u00e0 imagem e semelhan\u00e7a de Deus, mas quando olhamos para as realidades da vida social encontramos grandes e gritantes diferen\u00e7as. Parece que muitos s\u00e3o privilegiados e at\u00e9 agem egoisticamente no uso dos bens criados para todos. As diferen\u00e7as existentes veem da pr\u00e1tica humana e das possibilidades e virtudes da identidade de cada pessoa.<\/p>\n<p style=\"text-align: justify;\">Para Deus n\u00e3o existe pessoa melhor e outra pior. Entre os humanos as diferen\u00e7as s\u00e3o muito grandes. Diferen\u00e7as que provocam muitas separa\u00e7\u00f5es, preconceitos, divis\u00f5es, isolamento e fechamento no mundo privado e at\u00e9 ego\u00edsta. O Papa Francisco em suas catequeses, para superar as barreiras, fala de construir \u201cpontes\u201d para aproximar as pessoas e diminuir o preju\u00edzo do individualismo.<\/p>\n<p style=\"text-align: justify;\">Na l\u00f3gica da vida as pessoas t\u00eam necessidade de superar preconceitos que normalmente inviabilizam a unidade comunit\u00e1ria. Com isto a pr\u00e1tica da vida crist\u00e3 se esvazia e muitas pessoas ficam iludidas e sem capacidade para assumir posturas aut\u00eanticas como crist\u00e3s. Pessoas preconceituosas agem com certa maldade e n\u00e3o conseguem entender que todos t\u00eam dignidades iguais.<\/p>\n<p style=\"text-align: justify;\">A identidade do crist\u00e3o vem do sacramento do batismo, mas ela cria corpo, tamb\u00e9m rela\u00e7\u00f5es, palavras, a\u00e7\u00f5es e l\u00f3gica de vida na pr\u00e1tica das virtudes crist\u00e3s. Isso significa capacidade de seguir os preceitos divinos, divinizando o caminhar humano. Corrobora com tudo isso as atitudes de humildade, n\u00e3o fazendo do poder dos anticrist\u00e3os uma atitude massacrante e preconceituosa.<\/p>\n","protected":false},"excerpt":{"rendered":"<p>Deus criou as pessoas homem e mulher. Ao ser humano Ele deu o \u201csopro da vida\u201d (Gn 2,7). N\u00e3o \u00e9 uma vida qualquer, porque ela tem semelhan\u00e7a com o Criador, e todas as outras vidas est\u00e3o em fun\u00e7\u00e3o da vida humana. Apenas o ser humano \u00e9 capaz de criar intimidade com Deus na eternidade. No [&hellip;]<\/p>\n","protected":false},"author":11,"featured_media":32781,"comment_status":"open","ping_status":"closed","sticky":false,"template":"","format":"standard","meta":{"footnotes":""},"categories":[9],"tags":[],"class_list":["post-46414","post","type-post","status-publish","format-standard","has-post-thumbnail","hentry","category-artigos"],"_links":{"self":[{"href":"https:\/\/catolicanet.net\/wp-cnet\/wp-json\/wp\/v2\/posts\/46414","targetHints":{"allow":["GET"]}}],"collection":[{"href":"https:\/\/catolicanet.net\/wp-cnet\/wp-json\/wp\/v2\/posts"}],"about":[{"href":"https:\/\/catolicanet.net\/wp-cnet\/wp-json\/wp\/v2\/types\/post"}],"author":[{"embeddable":true,"href":"https:\/\/catolicanet.net\/wp-cnet\/wp-json\/wp\/v2\/users\/11"}],"replies":[{"embeddable":true,"href":"https:\/\/catolicanet.net\/wp-cnet\/wp-json\/wp\/v2\/comments?post=46414"}],"version-history":[{"count":1,"href":"https:\/\/catolicanet.net\/wp-cnet\/wp-json\/wp\/v2\/posts\/46414\/revisions"}],"predecessor-version":[{"id":46415,"href":"https:\/\/catolicanet.net\/wp-cnet\/wp-json\/wp\/v2\/posts\/46414\/revisions\/46415"}],"wp:featuredmedia":[{"embeddable":true,"href":"https:\/\/catolicanet.net\/wp-cnet\/wp-json\/wp\/v2\/media\/32781"}],"wp:attachment":[{"href":"https:\/\/catolicanet.net\/wp-cnet\/wp-json\/wp\/v2\/media?parent=46414"}],"wp:term":[{"taxonomy":"category","embeddable":true,"href":"https:\/\/catolicanet.net\/wp-cnet\/wp-json\/wp\/v2\/categories?post=46414"},{"taxonomy":"post_tag","embeddable":true,"href":"https:\/\/catolicanet.net\/wp-cnet\/wp-json\/wp\/v2\/tags?post=46414"}],"curies":[{"name":"wp","href":"https:\/\/api.w.org\/{rel}","templated":true}]}}