{"id":46412,"date":"2019-01-07T08:21:25","date_gmt":"2019-01-07T10:21:25","guid":{"rendered":"http:\/\/catolicanet.net\/wp-cnet\/?p=46412"},"modified":"2019-01-15T08:23:23","modified_gmt":"2019-01-15T10:23:23","slug":"sao-sebastiao-vocacionado-pelo-amor","status":"publish","type":"post","link":"https:\/\/catolicanet.net\/wp-cnet\/sao-sebastiao-vocacionado-pelo-amor\/","title":{"rendered":"S\u00e3o Sebasti\u00e3o vocacionado pelo amor"},"content":{"rendered":"<p style=\"text-align: justify;\">\u00a0\u00a0\u00a0\u00a0\u00a0\u00a0\u00a0\u00a0\u00a0 S\u00e3o Sebasti\u00e3o, Soldado do imp\u00e9rio romano no final do s\u00e9c. III e in\u00edcio do s\u00e9c. IV. Sebasti\u00e3o sofreu o mart\u00edrio em Roma, em virtude da sua fidelidade a Cristo e \u00e0 Igreja. Em 1565, foi escolhido como padroeiro de nossa cidade, para cujos fi\u00e9is \u00e9 modelo de f\u00e9, coragem, const\u00e2ncia e disponibilidade. S\u00e3o Sebasti\u00e3o foi um grande mission\u00e1rio do seu tempo, levando o nome de Jesus a todos, fortalecendo os que estavam cansados e abatidos pela persegui\u00e7\u00e3o religiosa daquela \u00e9poca.<\/p>\n<p style=\"text-align: justify;\">\u00a0\u00a0\u00a0\u00a0\u00a0\u00a0\u00a0\u00a0\u00a0 S\u00e3o Sebasti\u00e3o, defensor da verdade no amor apaixonado a Deus. O imperador, com o cora\u00e7\u00e3o fechado, mandou prend\u00ea-lo num tronco e muitas flechadas sobre ele foram lan\u00e7adas at\u00e9 o ponto de pensarem que estava morto. Mas uma mulher, esposa de um m\u00e1rtir, o conhecia, aproximou-se dele e percebeu que ele estava ainda vivo por gra\u00e7a. Ela cuidou das feridas dele. Ao recobrar sua sa\u00fade depois de um tempo, apresentou-se novamente para o imperador, pois queria o seu bem e o bem de todo o Imp\u00e9rio. Evangelizou, testemunhou, mas, dessa vez, no ano de 288 foi duramente martirizado.<\/p>\n<p style=\"text-align: justify;\">Chamamos de trezena os treze dias de prepara\u00e7\u00f5es e ora\u00e7\u00f5es. Na realidade \u00e9 uma grande miss\u00e3o popular.\u00a0 Existem outros momentos de trezenas, como tamb\u00e9m muitas novenas, tr\u00edduos e tantas formas de vivermos o tempo de espera. A expectativa da celebra\u00e7\u00e3o do dia 20 de janeiro na nossa \u201ccidade maravilhosa\u201d nos ajuda a ver nossa miss\u00e3o em servi-la, e, com o exemplo do nosso padroeiro, seguir a Cristo dando testemunho de nossa f\u00e9 crist\u00e3. O Rio de Janeiro inicia o ano com a festa do seu padroeiro.<\/p>\n<p style=\"text-align: justify;\">\u00a0\u00a0\u00a0\u00a0\u00a0\u00a0\u00a0\u00a0\u00a0 Iniciamos no dia 7 de janeiro, a trezena de S\u00e3o Sebasti\u00e3o. O tema que nos acompanha este ano \u00e9 vocacional: \u201cS\u00e3o Sebasti\u00e3o, vocacionado pelo amor\u201d A experi\u00eancia de iniciar o novo ano com a caminhada com o nosso padroeiro pelas ruas e avenidas da cidade, a cada ano nos proporciona oportunidades novas ao ver os desafios de levar a nossa grande cidade a ser um lugar de paz e fraternidade. Vemos sempre belos sinais e exemplos, e pedimos a Deus que sejam multiplicados.<\/p>\n<p style=\"text-align: justify;\">\u00a0\u00a0\u00a0\u00a0\u00a0\u00a0\u00a0\u00a0\u00a0 A trezena, embora n\u00e3o fa\u00e7a parte da liturgia oficial da Igreja, nos prepara, no entanto, para a liturgia e para a vida de unidade eclesial. Caminhamos juntos na mesma f\u00e9, e ao pedirmos a intercess\u00e3o de S\u00e3o Sebasti\u00e3o devemos querer imitar as virtudes de sua vida no seguimento ao Evangelho de Jesus Cristo. A passagem da peregrina\u00e7\u00e3o pelas ruas dessa grande cidade suscita tamb\u00e9m rea\u00e7\u00f5es, em geral de piedade, levando pessoas a voltarem a participar de sua comunidade, procurando vivenciar suas tradi\u00e7\u00f5es cat\u00f3licas.<\/p>\n<p style=\"text-align: justify;\">\u00a0\u00a0\u00a0\u00a0\u00a0\u00a0\u00a0\u00a0\u00a0 A trezena tamb\u00e9m \u00e9 um momento oportuno para nos colocar em sintonia com a nossa fam\u00edlia espiritual, a Igreja. Com ela nos unimos aos nossos irm\u00e3os, aumentando o nosso sentimento de comunidade, de povo de Deus orante. A nossa comunh\u00e3o com todos os que anseiam por tempos melhores respeitando a liberdade de op\u00e7\u00e3o e de pensamento, sem press\u00f5es contr\u00e1rias e confiando no progresso da paz e da fraternidade. A viv\u00eancia crist\u00e3 nos leva a construir, com a gra\u00e7a de Deus, um mundo mais justo e humano diante de uma sociedade que perde os valores da pr\u00f3pria vida humana.<\/p>\n<p style=\"text-align: justify;\">\u00a0\u00a0\u00a0\u00a0\u00a0\u00a0\u00a0\u00a0\u00a0 Acolher o exemplo de S\u00e3o Sebasti\u00e3o, vivendo como crist\u00e3o aut\u00eantico, \u00e9 tamb\u00e9m saber acolher o outro, ser solid\u00e1rio com o outro e, em especial neste ano vocacional.<\/p>\n<p style=\"text-align: justify;\">\u00a0\u00a0\u00a0\u00a0\u00a0\u00a0\u00a0\u00a0\u00a0 Com atitude materna a Igreja deve estender o an\u00fancio da boa not\u00edcia a muitas categorias. O Papa Francisco convida a Igreja a dirigir o seu olhar sol\u00edcito especialmente \u00e0queles que est\u00e3o nas periferias existenciais. <em>\u201cpodemos fazer a experi\u00eancia de abrir o cora\u00e7\u00e3o \u00e0queles que vivem nas mais variadas periferias existenciais, que muitas vezes o mundo contempor\u00e2neo cria de forma dram\u00e1tica. Quantas situa\u00e7\u00f5es de precariedade e sofrimentos presentes no mundo atual! Quantas feridas gravadas na carne de muitos que j\u00e1 n\u00e3o tem voz, porque o seu grito foi esmorecendo e se apagou por causa da indiferen\u00e7a dos povos ricos\u201d (Papa Francisco \u2013 Misericordiae Vultus. n. 15).<\/em><\/p>\n<p style=\"text-align: justify;\"><em>\u00a0\u00a0\u00a0\u00a0\u00a0\u00a0\u00a0\u00a0\u00a0 Voca\u00e7\u00e3o a vida crist\u00e3 que reza pelas voca\u00e7\u00f5es sacerdotais. Ora\u00e7\u00e3o! A <\/em>palavra chave desta trezena! E a prepara\u00e7\u00e3o do nosso cora\u00e7\u00e3o e de todo o nosso ser. Preparemos as nossas almas para a exig\u00eancia da confian\u00e7a, da humildade e da perseveran\u00e7a, tr\u00eas qualidades importantes na ora\u00e7\u00e3o crist\u00e3. E que a imagem de S\u00e3o Sebasti\u00e3o, peregrinando pela cidade do Rio de Janeiro, seja penhor de gra\u00e7as para todo o nosso amado povo! Aproveito aqui para convidar a todos para que fa\u00e7am com fervor e devo\u00e7\u00e3o a trezena do nosso padroeiro. A programa\u00e7\u00e3o da nossa trezena est\u00e1 no site na no Arquidiocese, mas convidamos a todos para a grande prociss\u00e3o no domingo, dia 20 de janeiro, as 15 horas, iniciando com o ter\u00e7o da miseric\u00f3rdia e logo depois, as 16 horas saindo da Bas\u00edlica Santu\u00e1rio de S\u00e3o Sebasti\u00e3o na Tijuca iniciando a prociss\u00e3o rumo \u00e0 nossa Catedral de S\u00e3o Sebasti\u00e3o.<\/p>\n<p style=\"text-align: justify;\">S\u00e3o Sebasti\u00e3o, vocacionado pelo amor, grande exemplo de crist\u00e3o que nos incentiva \u00e0 seguir Jesus Cristo, rogai por n\u00f3s.<\/p>\n","protected":false},"excerpt":{"rendered":"<p>\u00a0\u00a0\u00a0\u00a0\u00a0\u00a0\u00a0\u00a0\u00a0 S\u00e3o Sebasti\u00e3o, Soldado do imp\u00e9rio romano no final do s\u00e9c. III e in\u00edcio do s\u00e9c. IV. Sebasti\u00e3o sofreu o mart\u00edrio em Roma, em virtude da sua fidelidade a Cristo e \u00e0 Igreja. Em 1565, foi escolhido como padroeiro de nossa cidade, para cujos fi\u00e9is \u00e9 modelo de f\u00e9, coragem, const\u00e2ncia e disponibilidade. S\u00e3o Sebasti\u00e3o [&hellip;]<\/p>\n","protected":false},"author":5,"featured_media":32777,"comment_status":"open","ping_status":"closed","sticky":false,"template":"","format":"standard","meta":{"footnotes":""},"categories":[9],"tags":[],"class_list":["post-46412","post","type-post","status-publish","format-standard","has-post-thumbnail","hentry","category-artigos"],"_links":{"self":[{"href":"https:\/\/catolicanet.net\/wp-cnet\/wp-json\/wp\/v2\/posts\/46412","targetHints":{"allow":["GET"]}}],"collection":[{"href":"https:\/\/catolicanet.net\/wp-cnet\/wp-json\/wp\/v2\/posts"}],"about":[{"href":"https:\/\/catolicanet.net\/wp-cnet\/wp-json\/wp\/v2\/types\/post"}],"author":[{"embeddable":true,"href":"https:\/\/catolicanet.net\/wp-cnet\/wp-json\/wp\/v2\/users\/5"}],"replies":[{"embeddable":true,"href":"https:\/\/catolicanet.net\/wp-cnet\/wp-json\/wp\/v2\/comments?post=46412"}],"version-history":[{"count":1,"href":"https:\/\/catolicanet.net\/wp-cnet\/wp-json\/wp\/v2\/posts\/46412\/revisions"}],"predecessor-version":[{"id":46413,"href":"https:\/\/catolicanet.net\/wp-cnet\/wp-json\/wp\/v2\/posts\/46412\/revisions\/46413"}],"wp:featuredmedia":[{"embeddable":true,"href":"https:\/\/catolicanet.net\/wp-cnet\/wp-json\/wp\/v2\/media\/32777"}],"wp:attachment":[{"href":"https:\/\/catolicanet.net\/wp-cnet\/wp-json\/wp\/v2\/media?parent=46412"}],"wp:term":[{"taxonomy":"category","embeddable":true,"href":"https:\/\/catolicanet.net\/wp-cnet\/wp-json\/wp\/v2\/categories?post=46412"},{"taxonomy":"post_tag","embeddable":true,"href":"https:\/\/catolicanet.net\/wp-cnet\/wp-json\/wp\/v2\/tags?post=46412"}],"curies":[{"name":"wp","href":"https:\/\/api.w.org\/{rel}","templated":true}]}}