{"id":46410,"date":"2019-01-07T08:18:19","date_gmt":"2019-01-07T10:18:19","guid":{"rendered":"http:\/\/catolicanet.net\/wp-cnet\/?p=46410"},"modified":"2019-01-15T08:19:48","modified_gmt":"2019-01-15T10:19:48","slug":"oracao-pelo-doente","status":"publish","type":"post","link":"https:\/\/catolicanet.net\/wp-cnet\/oracao-pelo-doente\/","title":{"rendered":"ORA\u00c7\u00c3O PELO DOENTE"},"content":{"rendered":"<p style=\"text-align: justify;\">Meu CRIADOR, meu Pai, meu DEUS! Sei que o Senhor me ama, conhece minhas fraquezas e sabe de minhas necessidades. Mas, mesmo assim, como sua criatura, seu filho(a) me dirijo ao Senhor que \u201cpode tudo\u201d e diante do Qual eu sou um \u201cnada\u201d. Por Seu Filho, Jesus, resgatou e recriou a humanidade deca\u00edda. Quero AGRAECER-LHE me ter criado, dado exist\u00eancia, resgatado e salvo e a participa\u00e7\u00e3o na Sua vida divina pela gra\u00e7a de meu Batismo, me tornando Seu filho adotivo, co-herdeiro dos bens celestes. Na minha pequenez eu amo o Senhor com o meu cora\u00e7\u00e3o, minha, mente, minha vontade, meus sentidos. Quero amar-lhe acima de tudo e de todos. Humildemente, me submeto \u00e0 Sua Vontade. Reconhe\u00e7o que sou um(a) pecador(a), que tenho muitas \u201cfaltas\u201d, na minha caminhada existencial, e por isso, mais uma vez, EU LHE PE\u00c7O PERD\u00c3O. Agora, meu querido Pai, estou precisando muito do Senhor. O meu ser, no seu todo, est\u00e1 debilitado pela doen\u00e7a. N\u00e3o estou negligenciando na busca dos recursos humano, mas tenho certeza que o Senhor, que \u201cPode tudo\u201d, se for de Sua vontade e benef\u00edcio para mim, poder\u00e1 CURAR-ME, e fazer-me voltar \u00e0s atividades costumeiras, colaborando, como filho(a) na constru\u00e7\u00e3o de Seu Reino. Por isso, estou pedindo esta gra\u00e7a, este Seu favor, pelos m\u00e9ritos de Seu Filho Jesus, de Sua M\u00e3e Maria, do Pai adotivo de Seu Filho, Jos\u00e9 e de outros\u00a0 seus filhos e filhas que foram fi\u00e9is\u00a0 na sua caminhada terrena e que agora podem ser nossos INTERCESSORRES junto ao Senhor nesta Casa para onde todos n\u00f3s somos convidados\u00a0 a entrar. Assim estou pedindo,\u00a0 diariamente, de modo especial, aos BEM-AVENTURADOS: Padre VITOR e INH\u00c1 CHICA e aos\u00a0 SANTOS : Jo\u00e3o Paulo II e Madre TERESA de Calcut\u00e1.\u00a0 Que o Senhor acolha esses pedidos.se estiver de acordo ou me conceda a for\u00e7a e a coragem de levar este meu sofrimento at\u00e9 o fim se for necess\u00e1rio para eu estar eternamente com o Senhor. AM\u00c9M!<\/p>\n","protected":false},"excerpt":{"rendered":"<p>Meu CRIADOR, meu Pai, meu DEUS! Sei que o Senhor me ama, conhece minhas fraquezas e sabe de minhas necessidades. Mas, mesmo assim, como sua criatura, seu filho(a) me dirijo ao Senhor que \u201cpode tudo\u201d e diante do Qual eu sou um \u201cnada\u201d. Por Seu Filho, Jesus, resgatou e recriou a humanidade deca\u00edda. Quero AGRAECER-LHE [&hellip;]<\/p>\n","protected":false},"author":10,"featured_media":32785,"comment_status":"open","ping_status":"closed","sticky":false,"template":"","format":"standard","meta":{"footnotes":""},"categories":[9],"tags":[],"class_list":["post-46410","post","type-post","status-publish","format-standard","has-post-thumbnail","hentry","category-artigos"],"_links":{"self":[{"href":"https:\/\/catolicanet.net\/wp-cnet\/wp-json\/wp\/v2\/posts\/46410","targetHints":{"allow":["GET"]}}],"collection":[{"href":"https:\/\/catolicanet.net\/wp-cnet\/wp-json\/wp\/v2\/posts"}],"about":[{"href":"https:\/\/catolicanet.net\/wp-cnet\/wp-json\/wp\/v2\/types\/post"}],"author":[{"embeddable":true,"href":"https:\/\/catolicanet.net\/wp-cnet\/wp-json\/wp\/v2\/users\/10"}],"replies":[{"embeddable":true,"href":"https:\/\/catolicanet.net\/wp-cnet\/wp-json\/wp\/v2\/comments?post=46410"}],"version-history":[{"count":1,"href":"https:\/\/catolicanet.net\/wp-cnet\/wp-json\/wp\/v2\/posts\/46410\/revisions"}],"predecessor-version":[{"id":46411,"href":"https:\/\/catolicanet.net\/wp-cnet\/wp-json\/wp\/v2\/posts\/46410\/revisions\/46411"}],"wp:featuredmedia":[{"embeddable":true,"href":"https:\/\/catolicanet.net\/wp-cnet\/wp-json\/wp\/v2\/media\/32785"}],"wp:attachment":[{"href":"https:\/\/catolicanet.net\/wp-cnet\/wp-json\/wp\/v2\/media?parent=46410"}],"wp:term":[{"taxonomy":"category","embeddable":true,"href":"https:\/\/catolicanet.net\/wp-cnet\/wp-json\/wp\/v2\/categories?post=46410"},{"taxonomy":"post_tag","embeddable":true,"href":"https:\/\/catolicanet.net\/wp-cnet\/wp-json\/wp\/v2\/tags?post=46410"}],"curies":[{"name":"wp","href":"https:\/\/api.w.org\/{rel}","templated":true}]}}