{"id":46401,"date":"2019-01-04T16:37:12","date_gmt":"2019-01-04T18:37:12","guid":{"rendered":"http:\/\/catolicanet.net\/wp-cnet\/?p=46401"},"modified":"2019-01-14T16:39:19","modified_gmt":"2019-01-14T18:39:19","slug":"e-preciso-comecar-2","status":"publish","type":"post","link":"https:\/\/catolicanet.net\/wp-cnet\/e-preciso-comecar-2\/","title":{"rendered":"\u00c9 preciso come\u00e7ar!"},"content":{"rendered":"<p>A Igreja celebra, neste domingo, a solenidade da \u201cEpifania do Senhor\u201d, popularmente conhecida como a \u201cVisita dos Magos ou dos Reis Magos\u201d. Portanto, a compreens\u00e3o desta solenidade est\u00e1 relacionada ao Natal. \u201cEpifania\u201d significa \u201cmanifesta\u00e7\u00e3o\u201d do Menino Deus, Jesus, ao mundo. A um lugar discreto, Bel\u00e9m na Judeia, dirigem-se magos do Oriente.<\/p>\n<p>A Epifania \u00e9 a hist\u00f3ria de uma revela\u00e7\u00e3o que atravessa dois canais de comunica\u00e7\u00e3o: o c\u00f3smico, natural, racional e aquele sobrenatural e gratuito. No primeiro temos a \u201cestrela\u201d que serve de guia. No texto b\u00edblico, os magos dizem: \u201cvimos a sua estrela\u201d. Para quem n\u00e3o estuda as estrelas e n\u00e3o fica horas e anos observando a sua movimenta\u00e7\u00e3o, n\u00e3o percebe nada de diferente. A sua movimenta\u00e7\u00e3o s\u00f3 diz algo para quem est\u00e1 procurando. Neste sentido, os magos representam a humanidade que busca, que pesquisa, que observa os fen\u00f4menos c\u00f3smicos e naturais e n\u00e3o fica na apar\u00eancia. S\u00e3o exemplo de inconformidade e desejam ir al\u00e9m. O evangelista Mateus diz que sa\u00edram do Oriente, foram a Jerusal\u00e9m onde continuaram a pesquisa junto aos estudiosos locais.<\/p>\n<p>O segundo canal de comunica\u00e7\u00e3o \u00e9 o sobrenatural e gratuito da parte de Deus. Este n\u00e3o se enquadra na l\u00f3gica humana. Os magos, na sua busca, recebem uma indica\u00e7\u00e3o b\u00edblica que em Bel\u00e9m deveria nascer Aquele que estavam procurando. A Palavra de Deus revela a alegria de Deus que deseja revelar-se a todos, pois n\u00e3o deseja ficar escondido ou restrito para alguns.<\/p>\n<p>A Epifania \u00e9 a hist\u00f3ria da procura da verdade. S\u00e3o etapas com momentos de obscuridade e tateantes e por outro lado t\u00eam a marca da peregrina\u00e7\u00e3o, da movimenta\u00e7\u00e3o. Todos somos peregrinos da verdade e do absoluto, nunca seremos possuidores plenos dela. N\u00e3o podemos perder a \u00e2nsia da pesquisa para n\u00e3o se acomodar no m\u00ednimo alcan\u00e7ado ou convencer-se de ser detentores da verdade. A epifania se faz apresentar como um itiner\u00e1rio de f\u00e9, uma realidade viva, um processo de luz na luz. O itiner\u00e1rio seguido pelos magos serve de mapa para a exist\u00eancia humana. Partem porque viram uma estrela e na medida em que caminham a luz foi aumentando, porque a luz exterior se torna luz interior. O caminho n\u00e3o \u00e9 nem autom\u00e1tico nem f\u00e1cil. Quando a estrela desaparece os magos n\u00e3o t\u00eam resist\u00eancia em perguntar e pedir aux\u00edlio o que revela humildade na busca.<\/p>\n<p>Pode-se dizer que \u201cquem procura encontra\u201d. A procura dos magos resulta no encontro com uma pessoa, com o menino Jesus, deitado na manjedoura. Se encontrar alguma coisa ou chegar \u00e0 conclus\u00e3o de uma pesquisa j\u00e1 gera grande alegria, muito mais fascinante \u00e9 encontrar algu\u00e9m. O texto b\u00edblico ressalta a atmosfera de grande alegria proveniente de quem est\u00e1 na manjedoura. A rea\u00e7\u00e3o dos magos \u00e9 dobrar os joelhos, adorar e ofertar presentes. Ajoelharam-se porque estavam diante do Deus Menino. Adoraram porque Deus merece o mais profundo reconhecimento humano. Presentearam porque presente se retribui com gratid\u00e3o. Depois de terem encontrado quem buscavam os magos retornam para casa, retomam a vida. N\u00e3o os isolou do mundo, nem os colocou numa situa\u00e7\u00e3o de privilegiados, mas \u201cretornaram para a sua terra, seguindo outro caminho\u201d.<\/p>\n<p>A humanidade vive tempos de busca tateante e de obscuridade. N\u00e3o faltam buscas e pessoas que trilham caminhos longe da luz e da verdade. Dietrich Bonhoeffer, pastor e te\u00f3logo luterano e l\u00edder anti-nazista, comp\u00f4s a seguinte ora\u00e7\u00e3o para os companheiros presos na noite de Natal de 1943: \u201cTem escurid\u00e3o em mim, em ti ao contr\u00e1rio tem luz; estou s\u00f3, mas tu n\u00e3o me abandonas; n\u00e3o tenho coragem, mas tu me serves de ajuda; sou inquieto, mas em ti tem paz; tem amargura em mim, em ti paci\u00eancia; n\u00e3o entendo os teus caminhos, mas tu sabes qual \u00e9 a minha estrada\u201d.<\/p>\n","protected":false},"excerpt":{"rendered":"<p>A Igreja celebra, neste domingo, a solenidade da \u201cEpifania do Senhor\u201d, popularmente conhecida como a \u201cVisita dos Magos ou dos Reis Magos\u201d. Portanto, a compreens\u00e3o desta solenidade est\u00e1 relacionada ao Natal. \u201cEpifania\u201d significa \u201cmanifesta\u00e7\u00e3o\u201d do Menino Deus, Jesus, ao mundo. A um lugar discreto, Bel\u00e9m na Judeia, dirigem-se magos do Oriente. A Epifania \u00e9 a [&hellip;]<\/p>\n","protected":false},"author":18,"featured_media":32780,"comment_status":"open","ping_status":"closed","sticky":false,"template":"","format":"standard","meta":{"footnotes":""},"categories":[9],"tags":[],"class_list":["post-46401","post","type-post","status-publish","format-standard","has-post-thumbnail","hentry","category-artigos"],"_links":{"self":[{"href":"https:\/\/catolicanet.net\/wp-cnet\/wp-json\/wp\/v2\/posts\/46401","targetHints":{"allow":["GET"]}}],"collection":[{"href":"https:\/\/catolicanet.net\/wp-cnet\/wp-json\/wp\/v2\/posts"}],"about":[{"href":"https:\/\/catolicanet.net\/wp-cnet\/wp-json\/wp\/v2\/types\/post"}],"author":[{"embeddable":true,"href":"https:\/\/catolicanet.net\/wp-cnet\/wp-json\/wp\/v2\/users\/18"}],"replies":[{"embeddable":true,"href":"https:\/\/catolicanet.net\/wp-cnet\/wp-json\/wp\/v2\/comments?post=46401"}],"version-history":[{"count":1,"href":"https:\/\/catolicanet.net\/wp-cnet\/wp-json\/wp\/v2\/posts\/46401\/revisions"}],"predecessor-version":[{"id":46402,"href":"https:\/\/catolicanet.net\/wp-cnet\/wp-json\/wp\/v2\/posts\/46401\/revisions\/46402"}],"wp:featuredmedia":[{"embeddable":true,"href":"https:\/\/catolicanet.net\/wp-cnet\/wp-json\/wp\/v2\/media\/32780"}],"wp:attachment":[{"href":"https:\/\/catolicanet.net\/wp-cnet\/wp-json\/wp\/v2\/media?parent=46401"}],"wp:term":[{"taxonomy":"category","embeddable":true,"href":"https:\/\/catolicanet.net\/wp-cnet\/wp-json\/wp\/v2\/categories?post=46401"},{"taxonomy":"post_tag","embeddable":true,"href":"https:\/\/catolicanet.net\/wp-cnet\/wp-json\/wp\/v2\/tags?post=46401"}],"curies":[{"name":"wp","href":"https:\/\/api.w.org\/{rel}","templated":true}]}}