{"id":4640,"date":"2014-05-22T03:00:00","date_gmt":"2014-05-22T06:00:00","guid":{"rendered":"http:\/\/catolicanet.net\/wp-cnet\/cardeal-orani-tempesta-e-nomeado-para-novas-funcoes-no-vaticano\/"},"modified":"2017-04-05T15:01:59","modified_gmt":"2017-04-05T18:01:59","slug":"cardeal-orani-tempesta-e-nomeado-para-novas-funcoes-no-vaticano","status":"publish","type":"post","link":"https:\/\/catolicanet.net\/wp-cnet\/cardeal-orani-tempesta-e-nomeado-para-novas-funcoes-no-vaticano\/","title":{"rendered":"Cardeal Orani Tempesta \u00e9 nomeado para novas fun\u00e7\u00f5es no Vaticano"},"content":{"rendered":"<p style=\"text-align: justify;\"><img decoding=\"async\" src=\"http:\/\/catolicanet.com.br\/images\/stories\/cardeais\/cardealorani.jpg\" border=\"0\" align=\"left\" \/>O papa Francisco nomeou hoje, 22, o arcebispo do Rio de Janeiro (RJ), cardeal Orani Jo\u00e3o Tempesta, novo membro da Congrega\u00e7\u00e3o para a Educa\u00e7\u00e3o Cat\u00f3lica e do Pontif\u00edcio Conselho para os Leigos.<\/p>\n<p>Os cardeais criados no \u00faltimo Consist\u00f3rio, em 22 de fevereiro, tamb\u00e9m foram nomeados para os diversos Dicast\u00e9rios da C\u00faria Romana. O papa nomeou para a Congrega\u00e7\u00e3o para os Bispos e Pontif\u00edcia Comiss\u00e3o para a Am\u00e9rica Latina o cardeal Lorenzo Baldisseri, ex-n\u00fancio apost\u00f3lico no Brasil, atualmente secret\u00e1rio-geral do S\u00ednodo dos Bispos.<\/p>\n<p>Membros do Brasil<\/p>\n<p>Atuam nos Dicast\u00e9rios da C\u00faria, os cardeais brasileiros, o presidente da CNBB e arcebispo de Aparecida, cardeal Raymundo Damasceno Assis, no Pontif\u00edcio Conselho das Comunica\u00e7\u00f5es Sociais e na Pontif\u00edcia Comiss\u00e3o para a Am\u00e9rica Latina; o cardeal Jo\u00e3o Braz de Aviz, nas Congrega\u00e7\u00f5es para os Bispos, para o Clero e para a Educa\u00e7\u00e3o Cat\u00f3lica, do Pontif\u00edcio Conselho para os Leigos e do Pontif\u00edcio Comit\u00ea para os Congressos Eucar\u00edsticos Internacionais.<\/p>\n<p>O arcebispo de S\u00e3o Paulo (PA), cardeal Odilo Pedro Scherer, \u00e9 membro das Congrega\u00e7\u00f5es para o Clero e para a Educa\u00e7\u00e3o Cat\u00f3lica, dos Pontif\u00edcios Conselhos para a Fam\u00edlia e para a Promo\u00e7\u00e3o da Nova Evangeliza\u00e7\u00e3o e da Pontif\u00edcia Comiss\u00e3o para a Am\u00e9rica Latina.<\/p>\n<p> CNBB com informa\u00e7\u00e3o da Sala de Imprensa do Vaticano\/Gaudium Press.<\/p>\n<p>Fonte: CNBB<\/p>\n","protected":false},"excerpt":{"rendered":"<p>O papa Francisco nomeou hoje, 22, o arcebispo do Rio de Janeiro (RJ), cardeal Orani Jo\u00e3o Tempesta, novo membro da Congrega\u00e7\u00e3o para a Educa\u00e7\u00e3o Cat\u00f3lica e do Pontif\u00edcio Conselho para os Leigos. Os cardeais criados no \u00faltimo Consist\u00f3rio, em 22 de fevereiro, tamb\u00e9m foram nomeados para os diversos Dicast\u00e9rios da C\u00faria Romana. O papa nomeou [&hellip;]<\/p>\n","protected":false},"author":1,"featured_media":0,"comment_status":"closed","ping_status":"closed","sticky":false,"template":"","format":"standard","meta":{"footnotes":""},"categories":[7],"tags":[],"class_list":["post-4640","post","type-post","status-publish","format-standard","hentry","category-cnbb"],"_links":{"self":[{"href":"https:\/\/catolicanet.net\/wp-cnet\/wp-json\/wp\/v2\/posts\/4640","targetHints":{"allow":["GET"]}}],"collection":[{"href":"https:\/\/catolicanet.net\/wp-cnet\/wp-json\/wp\/v2\/posts"}],"about":[{"href":"https:\/\/catolicanet.net\/wp-cnet\/wp-json\/wp\/v2\/types\/post"}],"author":[{"embeddable":true,"href":"https:\/\/catolicanet.net\/wp-cnet\/wp-json\/wp\/v2\/users\/1"}],"replies":[{"embeddable":true,"href":"https:\/\/catolicanet.net\/wp-cnet\/wp-json\/wp\/v2\/comments?post=4640"}],"version-history":[{"count":1,"href":"https:\/\/catolicanet.net\/wp-cnet\/wp-json\/wp\/v2\/posts\/4640\/revisions"}],"predecessor-version":[{"id":9564,"href":"https:\/\/catolicanet.net\/wp-cnet\/wp-json\/wp\/v2\/posts\/4640\/revisions\/9564"}],"wp:attachment":[{"href":"https:\/\/catolicanet.net\/wp-cnet\/wp-json\/wp\/v2\/media?parent=4640"}],"wp:term":[{"taxonomy":"category","embeddable":true,"href":"https:\/\/catolicanet.net\/wp-cnet\/wp-json\/wp\/v2\/categories?post=4640"},{"taxonomy":"post_tag","embeddable":true,"href":"https:\/\/catolicanet.net\/wp-cnet\/wp-json\/wp\/v2\/tags?post=4640"}],"curies":[{"name":"wp","href":"https:\/\/api.w.org\/{rel}","templated":true}]}}