{"id":46397,"date":"2019-01-01T11:00:39","date_gmt":"2019-01-01T13:00:39","guid":{"rendered":"http:\/\/catolicanet.net\/wp-cnet\/?p=46397"},"modified":"2019-01-14T16:33:28","modified_gmt":"2019-01-14T18:33:28","slug":"valores-conectados","status":"publish","type":"post","link":"https:\/\/catolicanet.net\/wp-cnet\/valores-conectados\/","title":{"rendered":"Valores conectados"},"content":{"rendered":"<p style=\"text-align: justify;\">Come\u00e7amos o ano pensando nos la\u00e7os existentes entre as pessoas, os eventos, os neg\u00f3cios, a administra\u00e7\u00e3o p\u00fablica, as alegrias e dificuldades etc. \u00c9 hora de encarar o novo com esp\u00edrito de total responsabilidade para construir uma nova realidade fundamentada no bem viver. Temos como fazer isso acontecer, mas tudo depende de boa vontade, coragem e determina\u00e7\u00e3o na hora de agir.<\/p>\n<p style=\"text-align: justify;\">A principal tarefa para a forma\u00e7\u00e3o de uma nova sociedade \u00e9 superar a pr\u00e1tica da viol\u00eancia que afeta gregos e troianos. Ningu\u00e9m est\u00e1 imune de ser assaltado, violentado e at\u00e9 assassinado. N\u00e3o \u00e9 esse o caminho tra\u00e7ado pelo Criador. A raiz do mal n\u00e3o est\u00e1 em Deus e nem no plano de seu Reino, mas nas conting\u00eancias causadas pela pr\u00f3pria humanidade trazendo consequ\u00eancias lament\u00e1veis.<\/p>\n<p style=\"text-align: justify;\">Falar de valores conectados nada mais \u00e9 do que integrar as for\u00e7as convergentes de solidariedade e compromisso na condu\u00e7\u00e3o da na\u00e7\u00e3o. A infidelidade de quem tem maior responsabilidade produz situa\u00e7\u00f5es de revolta e enfraquece a for\u00e7a de conex\u00e3o. Onde reina a pr\u00e1tica da injusti\u00e7a brotam gestos de inconformismo e viol\u00eancia. Reina a inseguran\u00e7a e as pessoas se agridem mutuamente.<\/p>\n<p style=\"text-align: justify;\">Sentimos perfeita conex\u00e3o entre Deus-Pai e Jesus Cristo, principalmente na express\u00e3o: \u201cEu e o Pai somos um\u201d (Jo 10,30). Em Jesus, Deus constr\u00f3i um povo e o convoca a exercer o caminho da fraternidade, da ajuda m\u00fatua e da conviv\u00eancia. N\u00e3o \u00e9 uma quest\u00e3o de ideologia, mas de inclus\u00e3o, valorizando a todas as pessoas que entendem estar dando passos de compromisso social e de vida.<\/p>\n<p style=\"text-align: justify;\">Faltam na sociedade, e tamb\u00e9m nas fam\u00edlias, verdadeiros projetos relacionais de qualidade e que sejam apoiados na evid\u00eancia da responsabilidade. Isso est\u00e1 patente na conviv\u00eancia social, onde existem marcas da falta de qualidade nas rela\u00e7\u00f5es, e n\u00e3o podemos esperar frutos animadores dessa realidade. Em diversas situa\u00e7\u00f5es da nova cultura, os ambientes nem sempre s\u00e3o sadios.<\/p>\n<p style=\"text-align: justify;\">Os valores que criam conex\u00e3o, firme e duradoura, entre as pessoas dependem muito de proximidade e intera\u00e7\u00e3o em rela\u00e7\u00e3o \u00e0s necessidades fundamentais capazes de dar sentido \u00e0 vida humana. Um desses valores, pouco praticado em diversas circunst\u00e2ncias dos atuais tempos, \u00e9 a virtude da justi\u00e7a. N\u00e3o \u00e9 f\u00e1cil construir la\u00e7os de fraternidade onde a explora\u00e7\u00e3o \u00e9 praticada indiscriminadamente.<\/p>\n","protected":false},"excerpt":{"rendered":"<p>Come\u00e7amos o ano pensando nos la\u00e7os existentes entre as pessoas, os eventos, os neg\u00f3cios, a administra\u00e7\u00e3o p\u00fablica, as alegrias e dificuldades etc. \u00c9 hora de encarar o novo com esp\u00edrito de total responsabilidade para construir uma nova realidade fundamentada no bem viver. Temos como fazer isso acontecer, mas tudo depende de boa vontade, coragem e [&hellip;]<\/p>\n","protected":false},"author":11,"featured_media":32781,"comment_status":"open","ping_status":"closed","sticky":false,"template":"","format":"standard","meta":{"footnotes":""},"categories":[9],"tags":[],"class_list":["post-46397","post","type-post","status-publish","format-standard","has-post-thumbnail","hentry","category-artigos"],"_links":{"self":[{"href":"https:\/\/catolicanet.net\/wp-cnet\/wp-json\/wp\/v2\/posts\/46397","targetHints":{"allow":["GET"]}}],"collection":[{"href":"https:\/\/catolicanet.net\/wp-cnet\/wp-json\/wp\/v2\/posts"}],"about":[{"href":"https:\/\/catolicanet.net\/wp-cnet\/wp-json\/wp\/v2\/types\/post"}],"author":[{"embeddable":true,"href":"https:\/\/catolicanet.net\/wp-cnet\/wp-json\/wp\/v2\/users\/11"}],"replies":[{"embeddable":true,"href":"https:\/\/catolicanet.net\/wp-cnet\/wp-json\/wp\/v2\/comments?post=46397"}],"version-history":[{"count":1,"href":"https:\/\/catolicanet.net\/wp-cnet\/wp-json\/wp\/v2\/posts\/46397\/revisions"}],"predecessor-version":[{"id":46398,"href":"https:\/\/catolicanet.net\/wp-cnet\/wp-json\/wp\/v2\/posts\/46397\/revisions\/46398"}],"wp:featuredmedia":[{"embeddable":true,"href":"https:\/\/catolicanet.net\/wp-cnet\/wp-json\/wp\/v2\/media\/32781"}],"wp:attachment":[{"href":"https:\/\/catolicanet.net\/wp-cnet\/wp-json\/wp\/v2\/media?parent=46397"}],"wp:term":[{"taxonomy":"category","embeddable":true,"href":"https:\/\/catolicanet.net\/wp-cnet\/wp-json\/wp\/v2\/categories?post=46397"},{"taxonomy":"post_tag","embeddable":true,"href":"https:\/\/catolicanet.net\/wp-cnet\/wp-json\/wp\/v2\/tags?post=46397"}],"curies":[{"name":"wp","href":"https:\/\/api.w.org\/{rel}","templated":true}]}}