{"id":46387,"date":"2018-12-30T09:00:44","date_gmt":"2018-12-30T11:00:44","guid":{"rendered":"http:\/\/catolicanet.net\/wp-cnet\/?p=46387"},"modified":"2019-01-14T16:16:23","modified_gmt":"2019-01-14T18:16:23","slug":"jesus-a-luz-do-mundo","status":"publish","type":"post","link":"https:\/\/catolicanet.net\/wp-cnet\/jesus-a-luz-do-mundo\/","title":{"rendered":"Jesus, a luz do mundo!"},"content":{"rendered":"<p style=\"text-align: justify;\">Epifania: Jesus, a luz do mundo! Epifania vem do grego <strong><em>epifanein,<\/em><\/strong> \u201cmanifestar\u201d, em que celebramos o mist\u00e9rio multiforme, o Cristo Luz do mundo. Jesus se manifesta luminoso ao mundo para que seguindo seu Evangelho a Sua Encarna\u00e7\u00e3o no seio de Maria, depois de aparecer aos pastores(Natal, Missa da Aurora), aos reis magos(festa de hoje) e ao ser batizado no Jord\u00e3o(no pr\u00f3ximo domingo) Jesus continua atravessando a hist\u00f3ria da humanidade sem fazer distin\u00e7\u00e3o de ra\u00e7as, l\u00ednguas, cores e culturas e nos une na voca\u00e7\u00e3o de uma \u00fanica fam\u00edlia que caminha sob a luz de sua estrela.<\/p>\n<p style=\"text-align: justify;\">O tempo de Natal nos apresenta estas tr\u00eas epifanias, diferentes, por\u00e9m, formando uma unidade: o nascimento de Jesus no dia 25; a manifesta\u00e7\u00e3o do magos nesta Solenidade da Epifania e o seu Batismo no pr\u00f3ximo domingo. No nosso cotidiano a nossa primeira epifania \u00e9 o inverso: o nosso batismo, em que n\u00f3s tornamo-nos co-herdeiros e co-participantes da promessa de Cristo Jesus pelo Santo Evangelho(Cf. Ef 3,6). Batizados somos enviados como mission\u00e1rios para darmos testemunho do Senhor, vivendo o Evangelho da Vida e por uma vida santa brilhamos no mundo a santidade e a gl\u00f3ria de Deus como nos ensinou a primeira leitura(cf. Is 60,1). Essa gra\u00e7a transborda para todos os que nos rodeiam. Ainda hoje continuamos ouvindo, pela santidade de vida e pela evangeliza\u00e7\u00e3o, a pergunta dos magos: \u201cOnde nasceu o rei dos judeus\u201d(cf. Mt 2,2). A nossa resposta deve ser pronta: \u201cem meu cora\u00e7\u00e3o e em minha vida\u201d. Por isso a solenidade de hoje \u00e9 uma Epifania de Jesus \u2013 para a a Igreja, par ao mundo, para n\u00f3s mesmos. Assim, alegres, cantamos: \u201cVinde todos, adoremos o nosso Salvador!\u201d.<\/p>\n<p style=\"text-align: justify;\">A liturgia deste domingo leva-nos \u00e0 manifesta\u00e7\u00e3o de Jesus como \u201ca luz\u201d que atrai a Si todos os povos da terra. Essa \u201cluz\u201d encarnou na nossa hist\u00f3ria, a fim de iluminar os caminhos dos homens com uma proposta de salva\u00e7\u00e3o\/liberta\u00e7\u00e3o.<\/p>\n<p style=\"text-align: justify;\">A primeira leitura(cf. Is 60,1-6) anuncia a chegada da luz salvadora de Deus, que alegrar\u00e1 Jerusal\u00e9m e que atrair\u00e1 \u00e0 cidade de Deus povos de todo o mundo.<\/p>\n<p style=\"text-align: justify;\">No Evangelho(cf. Mt 2,1-12), vemos a concretiza\u00e7\u00e3o dessa promessa: ao encontro de Jesus v\u00eam os \u201cMagos\u201d, atentos aos sinais da chegada do Messias, que O aceitam como \u201csalva\u00e7\u00e3o de Deus\u201d e O adoram. A salva\u00e7\u00e3o, rejeitada pelos habitantes de Jerusal\u00e9m, torna-se agora uma oferta universal. O tema da luz domina a solenidade do Natal e da Epifania, que antigamente e ainda hoje no Oriente estavam unidas numa s\u00f3 grande \u201cfesta das luzes\u201d. No sugestivo clima da Noite Santa apareceu a luz; nasceu Cristo \u201cluz dos povos\u201d. \u00c9 ele o \u201csol que surge do alto (cf. Lc, 1, 78). Sol vindo ao mundo para dissipar as trevas do mal e inund\u00e1-lo com o esplendor do amor divino. Escreve o evangelista Jo\u00e3o: \u201cO Verbo era a luz verdadeira que, vindo ao mundo, a todo o homem ilumina\u201d (1, 9).<\/p>\n<p style=\"text-align: justify;\">A segunda leitura(cf. Mt 2,1-12) apresenta o projeto salvador de Deus como uma realidade que vai atingir toda a humanidade, juntando judeus e pag\u00e3os numa mesma comunidade de irm\u00e3os \u2013 a comunidade de Jesus.<\/p>\n<p style=\"text-align: justify;\">S\u00e3o Jo\u00e3o recorda que \u201cDeus \u00e9 luz\u201d, sintetizando \u201ca mensagem que recebemos dele (1 Jo 1, 5), isto \u00e9 de Jesus. No Evangelho, ele lembra de novo a express\u00e3o recolhida dos l\u00e1bios do Mestre: \u201cEu sou a luz do mundo; quem Me segue n\u00e3o andar\u00e1 nas trevas, mas ter\u00e1 a luz da vida\u201d (Jo 8, 12). O Filho de Deus, Encarnado, manifestou-se como luz. Luz n\u00e3o s\u00f3 para o exterior, na hist\u00f3ria do mundo, mas tamb\u00e9m para o interior do homem, na sua hist\u00f3ria pessoal. Fez-se um de n\u00f3s dando sentido e valor renovado \u00e0 nossa exist\u00eancia terrena. Deste modo, no pleno respeito pela liberdade humana, Cristo tornou-se\u00a0 \u201clux mundi a luz do mundo\u201d. Luz que brilha nas trevas (Jo 1, 5).<\/p>\n<p style=\"text-align: justify;\">Nesta solenidade da Epifania o Messias, que em Bel\u00e9m se manifestou a humildes pastores da regi\u00e3o, continua a revelar-se luz dos povos de todos os tempos e de todos os lugares. Para os magos, vindos do Oriente para o adorar, a luz do \u201crei dos Judeus que acaba de nascer\u201d (Mt 2, 2) assume a forma de um astro celeste, muito brilhante, a ponto de atrair o seu olhar e os guiar at\u00e9 Jerusal\u00e9m. P\u00f5e-nos, assim, nas pegadas das antigas profecias messi\u00e2nicas: \u201cuma estrela sai de Jacob e um ceptro flamejante surge do seio de Israel\u2026\u201d (Nm 24, 17). Acolhendo Jesus, nossa Luz, sejamos como estrelas que o apontem para a humanidade ou levem a humanidade at\u00e9 Ele, para que o conhe\u00e7a e o adore, e o tenha como a Luz de sua vida. O ouro aponta Jesus como o Rei universal; o incenso, como Deus, Mas \u00e9 Rei e Deus pelo amor e servi\u00e7o sem reservas nem medidas, at\u00e9 o extremo da morte, lembrada pela mirra!<\/p>\n<p style=\"text-align: justify;\">Que possamos oferecer n\u00e3o mais ouro, incenso e mirra somente, como nos tempos passados, mas oferecer a nossa vida e sermos no mundo a luz de Cristo que ilumina e santifica o mundo, Am\u00e9m!<\/p>\n","protected":false},"excerpt":{"rendered":"<p>Epifania: Jesus, a luz do mundo! Epifania vem do grego epifanein, \u201cmanifestar\u201d, em que celebramos o mist\u00e9rio multiforme, o Cristo Luz do mundo. Jesus se manifesta luminoso ao mundo para que seguindo seu Evangelho a Sua Encarna\u00e7\u00e3o no seio de Maria, depois de aparecer aos pastores(Natal, Missa da Aurora), aos reis magos(festa de hoje) e [&hellip;]<\/p>\n","protected":false},"author":5,"featured_media":32777,"comment_status":"open","ping_status":"closed","sticky":false,"template":"","format":"standard","meta":{"footnotes":""},"categories":[9],"tags":[],"class_list":["post-46387","post","type-post","status-publish","format-standard","has-post-thumbnail","hentry","category-artigos"],"_links":{"self":[{"href":"https:\/\/catolicanet.net\/wp-cnet\/wp-json\/wp\/v2\/posts\/46387","targetHints":{"allow":["GET"]}}],"collection":[{"href":"https:\/\/catolicanet.net\/wp-cnet\/wp-json\/wp\/v2\/posts"}],"about":[{"href":"https:\/\/catolicanet.net\/wp-cnet\/wp-json\/wp\/v2\/types\/post"}],"author":[{"embeddable":true,"href":"https:\/\/catolicanet.net\/wp-cnet\/wp-json\/wp\/v2\/users\/5"}],"replies":[{"embeddable":true,"href":"https:\/\/catolicanet.net\/wp-cnet\/wp-json\/wp\/v2\/comments?post=46387"}],"version-history":[{"count":1,"href":"https:\/\/catolicanet.net\/wp-cnet\/wp-json\/wp\/v2\/posts\/46387\/revisions"}],"predecessor-version":[{"id":46388,"href":"https:\/\/catolicanet.net\/wp-cnet\/wp-json\/wp\/v2\/posts\/46387\/revisions\/46388"}],"wp:featuredmedia":[{"embeddable":true,"href":"https:\/\/catolicanet.net\/wp-cnet\/wp-json\/wp\/v2\/media\/32777"}],"wp:attachment":[{"href":"https:\/\/catolicanet.net\/wp-cnet\/wp-json\/wp\/v2\/media?parent=46387"}],"wp:term":[{"taxonomy":"category","embeddable":true,"href":"https:\/\/catolicanet.net\/wp-cnet\/wp-json\/wp\/v2\/categories?post=46387"},{"taxonomy":"post_tag","embeddable":true,"href":"https:\/\/catolicanet.net\/wp-cnet\/wp-json\/wp\/v2\/tags?post=46387"}],"curies":[{"name":"wp","href":"https:\/\/api.w.org\/{rel}","templated":true}]}}