{"id":46379,"date":"2018-12-29T14:59:43","date_gmt":"2018-12-29T16:59:43","guid":{"rendered":"http:\/\/catolicanet.net\/wp-cnet\/?p=46379"},"modified":"2019-01-14T15:35:56","modified_gmt":"2019-01-14T17:35:56","slug":"sagrada-familia-5","status":"publish","type":"post","link":"https:\/\/catolicanet.net\/wp-cnet\/sagrada-familia-5\/","title":{"rendered":"Sagrada Fam\u00edlia"},"content":{"rendered":"<p style=\"text-align: justify;\">\u00a0\u00a0\u00a0\u00a0\u00a0\u00a0\u00a0\u00a0\u00a0 Neste ano, no Domingo ap\u00f3s o Natal celebra-se a festa da Sagrada Fam\u00edlia: Jesus, Maria e Jos\u00e9. Deus quis manifestar-se aos homens integrado numa fam\u00edlia humana. Ele quis nascer numa fam\u00edlia, quis transformar a fam\u00edlia num pres\u00e9pio vivo. Pode-se dizer que hoje celebramos o verdadeiro Dia da Fam\u00edlia.<\/p>\n<p style=\"text-align: justify;\">\u00a0\u00a0\u00a0\u00a0\u00a0\u00a0\u00a0\u00a0\u00a0 A Palavra de Deus (Eclo. 3, 3 \u2013 7. 14 \u2013 17) lembra aos filhos o dever de honrarem pai e m\u00e3e, de socorr\u00ea-los e compadecer-se deles na velhice, ter respeito e dedica\u00e7\u00e3o para com eles; isto \u00e9 cumprimento da vontade de Deus.<\/p>\n<p style=\"text-align: justify;\">\u00a0\u00a0\u00a0\u00a0\u00a0\u00a0\u00a0\u00a0\u00a0 S\u00e3o Paulo, na segunda leitura (Cl 3, 12 \u2013 21), elenca as virtudes que devem reinar na fam\u00edlia: sentimentos de compaix\u00e3o, de bondade, humildade, mansid\u00e3o e paci\u00eancia. Suportar-se uns aos outros com amor, perdoar-se mutuamente. Revestir-se de caridade e ser agradecidos. Se a fam\u00edlia n\u00e3o estiver alicer\u00e7ada no amor crist\u00e3o, ser\u00e1 muito dif\u00edcil a sua perseveran\u00e7a em harmonia e unidade de cora\u00e7\u00f5es. Quando esse amor existe, tudo se supera, tudo se aceita; mas, se falta esse amor m\u00fatuo, tudo se faz sumamente pesado. E o \u00fanico amor que perdura, n\u00e3o obstante os poss\u00edveis contrastes no seio da fam\u00edlia, \u00e9 aquele que tem o seu fundamento no amor de Deus.<\/p>\n<p style=\"text-align: justify;\">\u00a0\u00a0\u00a0\u00a0\u00a0\u00a0\u00a0\u00a0\u00a0 O Evangelho (Lc 2, 41-52) apresenta a viagem de Jesus e a sua fam\u00edlia para uma peregrina\u00e7\u00e3o no templo santo em Jerusal\u00e9m. Cumpridas as devidas obriga\u00e7\u00f5es. Maria e Jos\u00e9 e a caravana se colocaram em caminho de volta para Nazar\u00e9 como de costume. Depois de um dia inteiro de Maria e Jos\u00e9 caminharem, perceberam que Jesus havia ficado em Jerusal\u00e9m. Ent\u00e3o eles retornaram para Jerusal\u00e9m e encontraram Jesus no templo. Esta per\u00edcope nos mostra j\u00e1 a clareza da miss\u00e3o de Jesus.<\/p>\n<p style=\"text-align: justify;\">\u00a0\u00a0\u00a0\u00a0\u00a0\u00a0\u00a0\u00a0\u00a0 A Sagrada Fam\u00edlia \u00e9 proposta pela Igreja como modelo de todas as fam\u00edlias crist\u00e3s: na casinha de Nazar\u00e9, Deus ocupa sempre o primeiro lugar e tudo Lhe est\u00e1 subordinado, tendo Cristo como centro da casa. Os lares crist\u00e3os, se imitarem o da Sagrada Fam\u00edlia de Nazar\u00e9, ser\u00e3o lares luminosos e alegres, porque cada membro da fam\u00edlia se esfor\u00e7ar\u00e1 em primeiro lugar por aprimorar o seu relacionamento pessoal com o Senhor e, com esp\u00edrito de sacrif\u00edcio, procurar\u00e1 ao mesmo tempo chegar a uma conviv\u00eancia cada dia mais am\u00e1vel com todos os da casa.<\/p>\n<p style=\"text-align: justify;\">\u00a0\u00a0\u00a0\u00a0\u00a0\u00a0\u00a0\u00a0\u00a0 A vida em Nazar\u00e9 era laboriosa. Casa pobre, cuja manuten\u00e7\u00e3o exigia a colabora\u00e7\u00e3o de todos. Jos\u00e9 em sua pequena oficina de carpinteiro, m\u00e3os calejadas no manejo dos instrumentos, ainda muito primitivos, de sua arte. Maria, com os arranjos de dona de casa modesta. Diariamente descia \u00e0 fonte \u2013 a mesma que hoje \u00e9 conhecida como fonte da Virgem \u2013 e entre as mulheres do povo, como uma delas, enchia c\u00e2ntaros com que abastecer a casa. Maria, distribu\u00eda seu tempo entre o fuso e a cozinha, sem esquecer as ora\u00e7\u00f5es e o estudo da lei e dos Profetas. Jesus, primeiro em casa, \u00e0 M\u00e3e, depois na oficina, \u00e0 Jos\u00e9, aliviava aos pais o peso do trabalho de cada jornada.<\/p>\n<p style=\"text-align: justify;\">\u00a0\u00a0\u00a0\u00a0\u00a0\u00a0\u00a0\u00a0\u00a0 Um Papa Santo \u2013 Paulo VI &#8211; pronunciou umas das mais belas alocu\u00e7\u00f5es sobre essa realidade de Nazar\u00e9: \u201cNazar\u00e9 \u00e9 a escola onde se come\u00e7a a compreender a vida de Jesus: a escola do Evangelho. Podemos aprender algumas li\u00e7\u00f5es de Nazar\u00e9: \u201cuma li\u00e7\u00e3o de sil\u00eancio. O sil\u00eancio de Nazar\u00e9 ensina-nos o recolhimento, a interioridade, a disposi\u00e7\u00e3o para escutar as boas aspira\u00e7\u00f5es e as palavras dos verdadeiros mestres\u201d (Alocu\u00e7\u00e3o pronunciada em Nazar\u00e9 a 5 de janeiro de 1964). \u201cUma li\u00e7\u00e3o de vida familiar. Que Nazar\u00e9 nos ensine o que \u00e9 a fam\u00edlia, sua comunh\u00e3o amor, sua beleza simples e austera, seu car\u00e1ter sagrado e inviol\u00e1vel; aprendamos de Nazar\u00e9 o quanto a forma\u00e7\u00e3o que recebemos \u00e9 doce e insubstitu\u00edvel\u201d (Alocu\u00e7\u00e3o pronunciada em Nazar\u00e9 a 5 de janeiro de 1964).\u00a0 \u201cUma li\u00e7\u00e3o de trabalho: aqui recordo que o trabalho n\u00e3o pode ser um fim em si mesmo, mas, que sua liberdade e nobreza resultam, mais que de seu valor econ\u00f4mico, dos valores que constituem o seu fim. Como gostaria de saudar aqui todos os trabalhadores do mundo inteiro e mostrar-lhes seu grande modelo, seu divino irm\u00e3o, o profeta de todas as causas justas, o Cristo nosso Senhor\u201d (Alocu\u00e7\u00e3o pronunciada em Nazar\u00e9 a 5 de janeiro de 1964).<\/p>\n<p style=\"text-align: justify;\">\u00a0\u00a0\u00a0\u00a0\u00a0\u00a0\u00a0\u00a0\u00a0 Hoje, de modo muito especial, pedimos \u00e0 Sagrada Fam\u00edlia por cada um dos membros da nossa fam\u00edlia e pelo mais necessitado dentre eles. Encerramos com a ora\u00e7\u00e3o \u00e0 Sagrada Fam\u00edlia: \u201c\u00d3 Deus de bondade, que nos destes a Sagrada Fam\u00edlia como exemplo, concedei-nos imitar em nossos lares as suas virtudes, para que, unidos pelos la\u00e7os do amor, possamos chegar um dia \u00e0s alegrias da vossa casa\u201d. Am\u00e9m (ora\u00e7\u00e3o da coleta).<\/p>\n<p style=\"text-align: justify;\">\u00a0\u00a0\u00a0\u00a0\u00a0\u00a0\u00a0\u00a0\u00a0 Maria e Jos\u00e9 educaram Jesus, em primeiro lugar, com o seu exemplo. Nessa fam\u00edlia, Jesus conheceu toda a beleza da f\u00e9, do amor a Deus e \u00e0 sua Lei, assim como as exig\u00eancias da justi\u00e7a, que encontra o seu pleno cumprimento no amor (cf. Rm 13, 10). Ali aprendeu que antes de tudo \u00e9 necess\u00e1rio realizar a vontade de Deus, e que o la\u00e7o espiritual vale mais que o v\u00ednculo do sangue. A Sagrada Fam\u00edlia de Nazar\u00e9 \u00e9 verdadeiramente o \u201cprot\u00f3tipo\u201d de cada fam\u00edlia crist\u00e3 que, unida no Sacramento do matrim\u00f4nio e alimentada pela Palavra e pela Eucaristia, \u00e9 chamada a realizar a maravilhosa voca\u00e7\u00e3o e miss\u00e3o de ser c\u00e9lula viva n\u00e3o apenas da sociedade, mas da Igreja, sinal e instrumento de unidade para todo o g\u00eanero humano.<\/p>\n<p style=\"text-align: justify;\">\u00a0\u00a0\u00a0\u00a0\u00a0\u00a0\u00a0\u00a0\u00a0 Contemplemos a Sagrada Fam\u00edlia: que cada fam\u00edlia inspirada na fam\u00edlia Santa seja capaz de educar seus filhos e filhas no Evangelho da Miseric\u00f3rdia e da Caridade, testemunhando Jesus que nasceu para nos salvar e nos dar uma nova vida! Aben\u00e7oadas sejam todas as fam\u00edlias!<\/p>\n","protected":false},"excerpt":{"rendered":"<p>\u00a0\u00a0\u00a0\u00a0\u00a0\u00a0\u00a0\u00a0\u00a0 Neste ano, no Domingo ap\u00f3s o Natal celebra-se a festa da Sagrada Fam\u00edlia: Jesus, Maria e Jos\u00e9. Deus quis manifestar-se aos homens integrado numa fam\u00edlia humana. Ele quis nascer numa fam\u00edlia, quis transformar a fam\u00edlia num pres\u00e9pio vivo. Pode-se dizer que hoje celebramos o verdadeiro Dia da Fam\u00edlia. \u00a0\u00a0\u00a0\u00a0\u00a0\u00a0\u00a0\u00a0\u00a0 A Palavra de Deus (Eclo. [&hellip;]<\/p>\n","protected":false},"author":5,"featured_media":32777,"comment_status":"open","ping_status":"closed","sticky":false,"template":"","format":"standard","meta":{"footnotes":""},"categories":[9],"tags":[],"class_list":["post-46379","post","type-post","status-publish","format-standard","has-post-thumbnail","hentry","category-artigos"],"_links":{"self":[{"href":"https:\/\/catolicanet.net\/wp-cnet\/wp-json\/wp\/v2\/posts\/46379","targetHints":{"allow":["GET"]}}],"collection":[{"href":"https:\/\/catolicanet.net\/wp-cnet\/wp-json\/wp\/v2\/posts"}],"about":[{"href":"https:\/\/catolicanet.net\/wp-cnet\/wp-json\/wp\/v2\/types\/post"}],"author":[{"embeddable":true,"href":"https:\/\/catolicanet.net\/wp-cnet\/wp-json\/wp\/v2\/users\/5"}],"replies":[{"embeddable":true,"href":"https:\/\/catolicanet.net\/wp-cnet\/wp-json\/wp\/v2\/comments?post=46379"}],"version-history":[{"count":1,"href":"https:\/\/catolicanet.net\/wp-cnet\/wp-json\/wp\/v2\/posts\/46379\/revisions"}],"predecessor-version":[{"id":46380,"href":"https:\/\/catolicanet.net\/wp-cnet\/wp-json\/wp\/v2\/posts\/46379\/revisions\/46380"}],"wp:featuredmedia":[{"embeddable":true,"href":"https:\/\/catolicanet.net\/wp-cnet\/wp-json\/wp\/v2\/media\/32777"}],"wp:attachment":[{"href":"https:\/\/catolicanet.net\/wp-cnet\/wp-json\/wp\/v2\/media?parent=46379"}],"wp:term":[{"taxonomy":"category","embeddable":true,"href":"https:\/\/catolicanet.net\/wp-cnet\/wp-json\/wp\/v2\/categories?post=46379"},{"taxonomy":"post_tag","embeddable":true,"href":"https:\/\/catolicanet.net\/wp-cnet\/wp-json\/wp\/v2\/tags?post=46379"}],"curies":[{"name":"wp","href":"https:\/\/api.w.org\/{rel}","templated":true}]}}