{"id":46365,"date":"2018-12-24T14:37:46","date_gmt":"2018-12-24T16:37:46","guid":{"rendered":"http:\/\/catolicanet.net\/wp-cnet\/?p=46365"},"modified":"2019-01-14T14:39:20","modified_gmt":"2019-01-14T16:39:20","slug":"natal-longe-da-periferia","status":"publish","type":"post","link":"https:\/\/catolicanet.net\/wp-cnet\/natal-longe-da-periferia\/","title":{"rendered":"Natal: longe da periferia"},"content":{"rendered":"<p style=\"text-align: justify;\">Celebrar o Natal de Jesus Cristo em meio a bloqueios, muros e cercas, com toda a acentua\u00e7\u00e3o que se d\u00e1 a l\u00f3gica consumista e materialista, nos mostra a face de um mundo visivelmente enganoso, deixando clara a instrumentaliza\u00e7\u00e3o do personagem principal da festa, a qual estamos envolvidos. Embora nosso esfor\u00e7o seja enorme, ao pensar o contr\u00e1rio, vemos cristalizado seu paganismo, distanciando-nos sempre mais de seu verdadeiro significado, que \u00e9 o da fragilidade de uma crian\u00e7a, que exulte feliz nas contradi\u00e7\u00f5es da humanidade, no clima alegre e esperan\u00e7oso do Natal do Senhor, favorecendo todas as pessoas, sem distin\u00e7\u00e3o, num bom e grande mergulho no projeto indulgente de Deus.<\/p>\n<p style=\"text-align: justify;\">No cumprimento das promessas, dons de Deus para a humanidade, na celebra\u00e7\u00e3o do Natal, seria maravilhosa uma consci\u00eancia sempre maior, de que a verdadeira festa do amor s\u00f3 mesmo pela segura convic\u00e7\u00e3o de que a gl\u00f3ria de Deus quer se manifestar e brilhar entre n\u00f3s, no Emanuel, o Deus conosco, na certeza de que chegou a salva\u00e7\u00e3o, no linguajar de S\u00e3o Paulo, na terna e amorosa bondade de Deus para com a criatura humana, no mist\u00e9rio de seu pr\u00f3prio Filho, salvando-nos por sua livre e benevolente\u00a0 vontade (cf. Tt 3, 4-7).<\/p>\n<p style=\"text-align: justify;\">A vinda de Jesus \u00e0 terra foi e \u00e9 indispens\u00e1vel, porque \u00e9 a salva\u00e7\u00e3o, \u00e9 Deus vis\u00edvel tornando-se gente no Menino Jesus, de Maria e Jos\u00e9, como os vemos na manjedoura, figuras centrais, sendo que a verdadeira luz que ilumina todo homem \u00e9 Cristo. A celebra\u00e7\u00e3o solene e comovedora do nascimento do Filho de Deus quer ser a afirma\u00e7\u00e3o da nossa f\u00e9 no mist\u00e9rio de Jesus, que desceu do c\u00e9u e se encarnou na hist\u00f3ria da humanidade. Conven\u00e7amo-nos do nascimento do Filho de Deus como esperan\u00e7a de dias melhores na ut\u00f3pica, por\u00e9m necess\u00e1ria, cren\u00e7a, afinal n\u00e3o podemos perder de vista a expectativa de um mundo melhor, fraterno e justo.<\/p>\n<p style=\"text-align: justify;\">Quando Jos\u00e9 e Maria encontram as portas fechadas na hospedaria de Bel\u00e9m, cidade perif\u00e9rica, eles t\u00eam que se deslocar daquele lugar, indo a outro ainda mais perif\u00e9rico. L\u00e1, Jesus nasceu na estribaria, ajudando-nos mesmo a perceber o paradoxo do mundo de ent\u00e3o e de nosso mundo. Jesus n\u00e3o nasceu em belas casas verticalizadas, nas ceias compostas de melhores iguarias, regadas de caras bebidas, que nos parece longe do terno, af\u00e1vel e s\u00f3brio esp\u00edrito do Natal.<\/p>\n<p style=\"text-align: justify;\">Que a bondade de Deus na crian\u00e7a de Bel\u00e9m nos ajude em nossa caminhada de f\u00e9, n\u00e3o distra\u00eddos e despercebidos, diante da insensatez do mundo. Assim seja!<\/p>\n","protected":false},"excerpt":{"rendered":"<p>Celebrar o Natal de Jesus Cristo em meio a bloqueios, muros e cercas, com toda a acentua\u00e7\u00e3o que se d\u00e1 a l\u00f3gica consumista e materialista, nos mostra a face de um mundo visivelmente enganoso, deixando clara a instrumentaliza\u00e7\u00e3o do personagem principal da festa, a qual estamos envolvidos. Embora nosso esfor\u00e7o seja enorme, ao pensar o [&hellip;]<\/p>\n","protected":false},"author":6,"featured_media":32779,"comment_status":"open","ping_status":"closed","sticky":false,"template":"","format":"standard","meta":{"footnotes":""},"categories":[9],"tags":[],"class_list":["post-46365","post","type-post","status-publish","format-standard","has-post-thumbnail","hentry","category-artigos"],"_links":{"self":[{"href":"https:\/\/catolicanet.net\/wp-cnet\/wp-json\/wp\/v2\/posts\/46365","targetHints":{"allow":["GET"]}}],"collection":[{"href":"https:\/\/catolicanet.net\/wp-cnet\/wp-json\/wp\/v2\/posts"}],"about":[{"href":"https:\/\/catolicanet.net\/wp-cnet\/wp-json\/wp\/v2\/types\/post"}],"author":[{"embeddable":true,"href":"https:\/\/catolicanet.net\/wp-cnet\/wp-json\/wp\/v2\/users\/6"}],"replies":[{"embeddable":true,"href":"https:\/\/catolicanet.net\/wp-cnet\/wp-json\/wp\/v2\/comments?post=46365"}],"version-history":[{"count":1,"href":"https:\/\/catolicanet.net\/wp-cnet\/wp-json\/wp\/v2\/posts\/46365\/revisions"}],"predecessor-version":[{"id":46366,"href":"https:\/\/catolicanet.net\/wp-cnet\/wp-json\/wp\/v2\/posts\/46365\/revisions\/46366"}],"wp:featuredmedia":[{"embeddable":true,"href":"https:\/\/catolicanet.net\/wp-cnet\/wp-json\/wp\/v2\/media\/32779"}],"wp:attachment":[{"href":"https:\/\/catolicanet.net\/wp-cnet\/wp-json\/wp\/v2\/media?parent=46365"}],"wp:term":[{"taxonomy":"category","embeddable":true,"href":"https:\/\/catolicanet.net\/wp-cnet\/wp-json\/wp\/v2\/categories?post=46365"},{"taxonomy":"post_tag","embeddable":true,"href":"https:\/\/catolicanet.net\/wp-cnet\/wp-json\/wp\/v2\/tags?post=46365"}],"curies":[{"name":"wp","href":"https:\/\/api.w.org\/{rel}","templated":true}]}}