{"id":46363,"date":"2018-12-24T14:35:10","date_gmt":"2018-12-24T16:35:10","guid":{"rendered":"http:\/\/catolicanet.net\/wp-cnet\/?p=46363"},"modified":"2019-01-14T14:36:53","modified_gmt":"2019-01-14T16:36:53","slug":"nasceu-nos-um-menino","status":"publish","type":"post","link":"https:\/\/catolicanet.net\/wp-cnet\/nasceu-nos-um-menino\/","title":{"rendered":"Nasceu-nos um menino!"},"content":{"rendered":"<p style=\"text-align: justify;\">\u00a0 \u00a0 \u00a0 \u00a0 \u00a0 Exulte o justo, porque se aproxima da vit\u00f3ria; rejubile o pecador, porque lhe \u00e9 oferecido o perd\u00e3o; reanime-se o pag\u00e3o, porque \u00e9 chamado \u00e0 vida\u201d (S\u00e3o Le\u00e3o Magno).<\/p>\n<p style=\"text-align: justify;\">\u00a0\u00a0\u00a0\u00a0\u00a0\u00a0\u00a0\u00a0\u00a0 Vit\u00f3ria. Perd\u00e3o. Vida. Tudo isso nos \u00e9 dado porque \u201co Verbo se fez carne e habitou entre n\u00f3s, e vimos sua gl\u00f3ria, a gl\u00f3ria que o Filho \u00fanico recebe do seu Pai, cheio de gra\u00e7a e de verdade\u201d (Jo 1,14). No dia 25 de mar\u00e7o, a Igreja celebra a anuncia\u00e7\u00e3o do Senhor e a encarna\u00e7\u00e3o do Verbo; nove meses depois, no dia 25 de dezembro, o Verbo encarnado nasce para que possamos ver a sua gl\u00f3ria velada, mas real. O menino fr\u00e1gil e dependente de Maria e de Jos\u00e9 \u00e9 o Filho de Deus encarnado, \u00e9 ele e somente ele quem pode dar-nos a vit\u00f3ria, o perd\u00e3o e a vida.<\/p>\n<p style=\"text-align: justify;\">\u00a0\u00a0\u00a0\u00a0\u00a0\u00a0\u00a0\u00a0\u00a0 O perd\u00e3o de Deus se nos oferece constantemente para que, com alegria, vivamos a nossa f\u00e9. Por mais pecador que sejamos n\u00e3o tenhamos medo do Senhor, ele fez-se t\u00e3o pequeno para que os pequenos deste mundo se aproximassem dele com a esperan\u00e7a da reconcilia\u00e7\u00e3o com Deus e com todos os homens. Nem permitiremos que alguma falta de perd\u00e3o aos outros invada o nosso cora\u00e7\u00e3o neste dia santo. Abriremos de par em par o nosso ser a Deus e a todos os homens e mulheres, m\u00e1xime \u00e0queles que est\u00e3o pr\u00f3ximos a n\u00f3s. Tais pessoas merecem a nossa aten\u00e7\u00e3o, gratid\u00e3o e estima. Lembremo-nos da ora\u00e7\u00e3o que o Senhor nos ensinou: \u201cperdoai-nos as nossas ofensas assim como n\u00f3s perdoamos a quem nos tem ofendido\u201d. Perdoemos! Perdoemos de cora\u00e7\u00e3o a quem nos ofendeu e sentiremos um grande al\u00edvio, uma grande paz, uma restaura\u00e7\u00e3o que vai do mais profundo ao mais perif\u00e9rico do nosso ser.<\/p>\n<p style=\"text-align: justify;\">\u00a0\u00a0\u00a0\u00a0\u00a0\u00a0\u00a0\u00a0\u00a0 No Natal s\u00e3o 4 formul\u00e1rios poss\u00edveis de celebra\u00e7\u00f5es Eucar\u00edsticas: a Missa vespertina na tarde anterior, a missa da noite da Vig\u00edlia, a missa da aurora na manh\u00e3 do dia de Natal e a Missa do dia propriamente dita. Uma riqueza imensa de textos e reflex\u00f5es.<\/p>\n<p style=\"text-align: justify;\">\u00a0\u00a0\u00a0\u00a0\u00a0\u00a0\u00a0\u00a0\u00a0 \u201cTudo foi feito por ele, e sem ele nada foi feito. Nele havia vida, e a vida era a luz dos homens. A luz resplandece nas trevas, e as trevas n\u00e3o a compreenderam\u201d (Jo 1,5). A vida do Filho de Deus ilumina a vida dos filhos dos homens. Ilumina-a porque a retira das trevas do pecado e da morte. Ilumina-a porque d\u00e1 sentido ao que antes estava desorientado. Ilumina-a porque d\u00e1 todos os meios necess\u00e1rios para alcan\u00e7ar a felicidade j\u00e1 neste mundo e, depois, na eternidade. Talvez muitas pessoas se considerem como que \u201cjogadas a\u00ed na exist\u00eancia\u201d e a\u00ed deixadas simplesmente porque n\u00e3o descobriram o projeto de Deus para as suas vidas. \u00c9 misterioso e, ao mesmo tempo, \u00e9 duro pensar que n\u00f3s, seres humanos, podemos frustrar os des\u00edgnios de Deus. Foi exatamente isso que aconteceu com alguns dos contempor\u00e2neos de Jesus, fariseus e mestres da Lei, dos quais se diz que ao rejeitarem o batismo de Jo\u00e3o e, posteriormente, o de Jesus \u201ctornaram in\u00fatil para si mesmos o projeto de Deus\u201d (Lc 7,30).<\/p>\n<p style=\"text-align: justify;\">\u00a0\u00a0\u00a0\u00a0\u00a0\u00a0\u00a0\u00a0\u00a0 Eis a gra\u00e7a, a gl\u00f3ria, o mist\u00e9rio desta Noite! Por isso a alegria: o Deus fiel cumpriu o que prometera e ultrapassou toda promessa. Nesta Noite santa, t\u00e3o \u00fanica e cheia de frescor, como s\u00e3o comoventes as palavras do Ap\u00f3stolo na segunda leitura da missa (cf. Tt 2,11-14). Olhem o pres\u00e9pio, e escutem, olhem a manjedoura e prestem aten\u00e7\u00e3o:\u00a0\u201cA gra\u00e7a de Deus se manifestou trazendo salva\u00e7\u00e3o para todos os homens. Ela nos ensina a abandonar a impiedade e as paix\u00f5es mundanas e a viver neste mundo com equil\u00edbrio, justi\u00e7a e piedade\u201d (cf. Tt 2,11-12)<em>.<\/em>\u00a0Olhem o pres\u00e9pio! Olhem o pres\u00e9pio: a gra\u00e7a de Deus \u00e9 uma Crian\u00e7a, o Menino que nos foi dado! A gra\u00e7a de Deus est\u00e1<em>\u00a0<\/em>\u201cenvolvida em faixas e deitada numa manjedoura\u201d. Que gra\u00e7a pequeninha; que gra\u00e7a t\u00e3o grande! Que gra\u00e7a t\u00e3o fr\u00e1gil; que gra\u00e7a t\u00e3o forte! Quem \u00e9 t\u00e3o duro de cora\u00e7\u00e3o, que n\u00e3o se comova? Quem \u00e9 t\u00e3o desumano, que n\u00e3o se emocione? Quem \u00e9 t\u00e3o pecador, que n\u00e3o queira aproximar-se de Deus? Quem \u00e9 t\u00e3o insens\u00edvel, que n\u00e3o sinta, nesta Noite, o desejo de amar, o desejo de ser bom, o desejo de paz, o desejo de se deixar abra\u00e7ar por Deus?\u00a0\u201cN\u00e3o tenhais medo!\u201d\u00a0Quem quer que sejas tu: n\u00e3o temas! N\u00e3o tenhas receio pelos teus pecados, n\u00e3o te afastes da gra\u00e7a desta Noite por causa das tuas infidelidades! Compreende: hoje, teu Deus vem a ti! Vem a ti a Paz, vem a ti o Perd\u00e3o, vem a ti a Miseric\u00f3rdia, vem a ti a Plenitude do teu cora\u00e7\u00e3o e o sonho da tua vida! Hoje nasceu para ti, para n\u00f3s, um Salvador!<\/p>\n<p style=\"text-align: justify;\">\u00a0\u00a0\u00a0\u00a0\u00a0\u00a0\u00a0\u00a0\u00a0 N\u00e3o tornaremos in\u00fatil o projeto de Deus para n\u00f3s. Ao participarmos das celebra\u00e7\u00f5es da Igreja durante esses dias solenes, aproximar-nos-emos do pres\u00e9pio humilde de Bel\u00e9m e diremos ao Senhor que a sua Vida encha a nossa vida, que o nosso amor encha o nosso cora\u00e7\u00e3o e que nas nossas vidas se cumpram os eternos des\u00edgnios da Sant\u00edssima Trindade. Maria, a M\u00e3e de Jesus, est\u00e1 segurando o Menino Jesus nos seus bra\u00e7os e quer deixar que tamb\u00e9m n\u00f3s tenhamos em nossos bra\u00e7os o Divino Infante. Ela sabe que s\u00f3 Ele tem a chave para todos os mist\u00e9rios da nossa vida. Jesus, sendo verdadeiro Deus, \u00e9 tamb\u00e9m o verdadeiro homem que mostra em si mesmo como deve ser a pessoa humana segundo os projetos eternos.<\/p>\n<p style=\"text-align: justify;\">\u00a0\u00a0\u00a0\u00a0\u00a0\u00a0\u00a0\u00a0\u00a0 Ao desejar um aben\u00e7oado Natal para todos os homens e mulheres amados por Deus, para a Arquidiocese desejo que a proximidade da manjedoura nos torne mais filhos e filhas de Deus e plenos da vida que brota de Jesus para nos salvar. O amor da manjedoura contagia o mundo para seguir e testemunhar o Deus menino, o Salvador! Feliz Natal!<\/p>\n","protected":false},"excerpt":{"rendered":"<p>\u00a0 \u00a0 \u00a0 \u00a0 \u00a0 Exulte o justo, porque se aproxima da vit\u00f3ria; rejubile o pecador, porque lhe \u00e9 oferecido o perd\u00e3o; reanime-se o pag\u00e3o, porque \u00e9 chamado \u00e0 vida\u201d (S\u00e3o Le\u00e3o Magno). \u00a0\u00a0\u00a0\u00a0\u00a0\u00a0\u00a0\u00a0\u00a0 Vit\u00f3ria. Perd\u00e3o. Vida. Tudo isso nos \u00e9 dado porque \u201co Verbo se fez carne e habitou entre n\u00f3s, e vimos sua [&hellip;]<\/p>\n","protected":false},"author":5,"featured_media":32777,"comment_status":"open","ping_status":"closed","sticky":false,"template":"","format":"standard","meta":{"footnotes":""},"categories":[9],"tags":[],"class_list":["post-46363","post","type-post","status-publish","format-standard","has-post-thumbnail","hentry","category-artigos"],"_links":{"self":[{"href":"https:\/\/catolicanet.net\/wp-cnet\/wp-json\/wp\/v2\/posts\/46363","targetHints":{"allow":["GET"]}}],"collection":[{"href":"https:\/\/catolicanet.net\/wp-cnet\/wp-json\/wp\/v2\/posts"}],"about":[{"href":"https:\/\/catolicanet.net\/wp-cnet\/wp-json\/wp\/v2\/types\/post"}],"author":[{"embeddable":true,"href":"https:\/\/catolicanet.net\/wp-cnet\/wp-json\/wp\/v2\/users\/5"}],"replies":[{"embeddable":true,"href":"https:\/\/catolicanet.net\/wp-cnet\/wp-json\/wp\/v2\/comments?post=46363"}],"version-history":[{"count":1,"href":"https:\/\/catolicanet.net\/wp-cnet\/wp-json\/wp\/v2\/posts\/46363\/revisions"}],"predecessor-version":[{"id":46364,"href":"https:\/\/catolicanet.net\/wp-cnet\/wp-json\/wp\/v2\/posts\/46363\/revisions\/46364"}],"wp:featuredmedia":[{"embeddable":true,"href":"https:\/\/catolicanet.net\/wp-cnet\/wp-json\/wp\/v2\/media\/32777"}],"wp:attachment":[{"href":"https:\/\/catolicanet.net\/wp-cnet\/wp-json\/wp\/v2\/media?parent=46363"}],"wp:term":[{"taxonomy":"category","embeddable":true,"href":"https:\/\/catolicanet.net\/wp-cnet\/wp-json\/wp\/v2\/categories?post=46363"},{"taxonomy":"post_tag","embeddable":true,"href":"https:\/\/catolicanet.net\/wp-cnet\/wp-json\/wp\/v2\/tags?post=46363"}],"curies":[{"name":"wp","href":"https:\/\/api.w.org\/{rel}","templated":true}]}}