{"id":46342,"date":"2019-01-07T09:41:50","date_gmt":"2019-01-07T11:41:50","guid":{"rendered":"http:\/\/catolicanet.net\/wp-cnet\/?p=46342"},"modified":"2019-01-14T09:46:54","modified_gmt":"2019-01-14T11:46:54","slug":"reflexoes-sobre-o-batismo-de-jesus","status":"publish","type":"post","link":"https:\/\/catolicanet.net\/wp-cnet\/reflexoes-sobre-o-batismo-de-jesus\/","title":{"rendered":"REFLEX\u00d5ES SOBRE O BATISMO DE JESUS"},"content":{"rendered":"<p style=\"text-align: justify;\">Por ocasi\u00e3o do batismo de Jesus revelou-se admiravelmente sua identidade, uma vez que o Esp\u00edrito Santo desceu sobre Ele em forma sens\u00edvel como uma pomba e do c\u00e9u fez-se ouvir a voz do Pai: \u201cTu \u00e9s o meu Filho amado, em ti eu me comprazo\u201d (Lc 3,15-16, 21-22). Acontecimento not\u00e1vel uma vez que o divino Redentor iria, em seguida, percorrer a regi\u00e3o da Galileia, da Samaria e da Judeia. Eis porque, antes do testemunho celeste que o mostrava como o eleito de Deus, filho predileto do Pai, consagrado pelo Esp\u00edrito divino, Jo\u00e3o Batista deixou claro que Jesus era o Messias que iria batizar com Esp\u00edrito Santo e com o fogo. Jo\u00e3o era o Precursor que intimava os deveres particulares atinentes \u00e0s diversas classes de ouvintes. Exigia de todos a convers\u00e3o, a mudan\u00e7a de vida nos pensamentos, nos afetos e em todas as a\u00e7\u00f5es. O fato de Jesus vir at\u00e9 ele para ser tamb\u00e9m batizado significava que Cristo ratificava o movimento espiritual daquele que o anunciara como o Cordeiro de Deus que tira o pecado do mundo. \u00c9 de se notar, por\u00e9m, que o evangelista S\u00e3o Lucas frisou, sobretudo, a ess\u00eancia da grandeza de Cristo, inserido no mist\u00e9rio da Sant\u00edssima Trindade. Tudo isto acontecendo para fundamentar a f\u00e9 e a esperan\u00e7a dos seguidores do Messias prometido que ali estava. Ele, sim, seria o iniciador de um mundo novo que completaria seu batismo com sua morte e ressurrei\u00e7\u00e3o, tendo Ele em tudo a condi\u00e7\u00e3o humana. S\u00e3o Paulo mostrou claramente em que o batismo de Jesus diz respeito a cada um que recebe esse sacramento da inicia\u00e7\u00e3o crist\u00e3. Com efeito, ele acentuou a seu amigo Tito os efeitos de gra\u00e7as, de transforma\u00e7\u00e3o, de renova\u00e7\u00e3o que a vinda do Verbo de Deus em nossa carne produz para todos os batizados. Assim se expressou o Ap\u00f3stolo: \u201cPela sua miseric\u00f3rdia, mediante o banho de regenera\u00e7\u00e3o e de renova\u00e7\u00e3o, operado pelo Esp\u00edrito Santo, que largamente efundiu sobre n\u00f3s por meio de Jesus Cristo nosso salvador, a fim de que justificados pela sua gra\u00e7a nos torn\u00e1ssemos, segundo a esperan\u00e7a, herdeiros da vida eterna\u201d (Tito 3,5-7). Agora que Jesus partiu depois de completar sua obra de salva\u00e7\u00e3o este \u00e9 o tempo para pensar sempre nele e para deixar que sua influ\u00eancia, sua obra continue em nossas vidas, a fim de vivermos como filhos de Deus, transformando-nos \u00e0 Sua imagem, continuamente nos purificando. Quem vive plenamente todos esses efeitos do batismo faz triunfar a vida de Jesus em sua exist\u00eancia Da\u00ed o combate cont\u00ednuo \u00e0 injusti\u00e7a, tratando uns aos outros com respeito e dignidade, numa oposi\u00e7\u00e3o persistente \u00e0 viol\u00eancia e ao instinto de domina\u00e7\u00e3o. Assim cada batizado se torna arauto da vida nova recebida neste sublime sacramento. Esse o introduz na verdade, na justi\u00e7a e no amor a Deus e ao pr\u00f3ximo num abandono firme de toda mediocridade. S\u00e3o Pedro deixou claro: \u201cV\u00f3s, por\u00e9m, estirpe eleita, sacerd\u00f3cio r\u00e9gio, gente santa, povo trazido \u00e0 salva\u00e7\u00e3o para tornardes conhecidos os prod\u00edgios daquele que vos chamou das trevas para a luz admir\u00e1vel\u201d (1 Pd 2, 9-11). O Papa Francisco na sua enc\u00edclica \u201cA alegria do Evangelho\u201d acentuou que em virtude do batismo recebido, cada membro do Povo de Deus se torna disc\u00edpulo mission\u00e1rio. Todo batizado, seja qual for sua fun\u00e7\u00e3o na Igreja ou o n\u00edvel de instru\u00e7\u00e3o de sua f\u00e9, \u00e9 um elemento ativo de evangeliza\u00e7\u00e3o porque faz a experi\u00eancia do amor de Deus que o salva. O batismo de Jesus vem ent\u00e3o nos recordar toda grandeza de ser um batizado que deve testemunhar por toda parte as maravilhas da salva\u00e7\u00e3o operadas pelo nosso Deus que conta com cada um de n\u00f3s nessa Sua obra mission\u00e1ria. Jesus foi o enviado do Pai a este mundo pecador para lhe mostrar que Deus n\u00e3o o abandona nunca e quer a todos libertar. Mensagem gloriosa a ser levada num contexto polu\u00eddo pelo \u00f3dio, pelo ego\u00edsmo e pela vingan\u00e7a. Jesus veio como \u201cLuz das na\u00e7\u00f5es\u201d, abrindo os olhos aos cegos e salvando os cativos. Sua salva\u00e7\u00e3o \u00e9 oferecida a todos n\u00e3o obstante os temores e as prevarica\u00e7\u00f5es humanas. O batismo de Jesus \u00e9, de fato, a imers\u00e3o total no amor de Deus, renova\u00e7\u00e3o completa no Esp\u00edrito Santo e da\u00ed a felicidade de crer nele e de ter sido batizado naquele que tem palavras de vida eterna.<\/p>\n","protected":false},"excerpt":{"rendered":"<p>Por ocasi\u00e3o do batismo de Jesus revelou-se admiravelmente sua identidade, uma vez que o Esp\u00edrito Santo desceu sobre Ele em forma sens\u00edvel como uma pomba e do c\u00e9u fez-se ouvir a voz do Pai: \u201cTu \u00e9s o meu Filho amado, em ti eu me comprazo\u201d (Lc 3,15-16, 21-22). Acontecimento not\u00e1vel uma vez que o divino [&hellip;]<\/p>\n","protected":false},"author":7,"featured_media":32782,"comment_status":"open","ping_status":"closed","sticky":false,"template":"","format":"standard","meta":{"footnotes":""},"categories":[9],"tags":[],"class_list":["post-46342","post","type-post","status-publish","format-standard","has-post-thumbnail","hentry","category-artigos"],"_links":{"self":[{"href":"https:\/\/catolicanet.net\/wp-cnet\/wp-json\/wp\/v2\/posts\/46342","targetHints":{"allow":["GET"]}}],"collection":[{"href":"https:\/\/catolicanet.net\/wp-cnet\/wp-json\/wp\/v2\/posts"}],"about":[{"href":"https:\/\/catolicanet.net\/wp-cnet\/wp-json\/wp\/v2\/types\/post"}],"author":[{"embeddable":true,"href":"https:\/\/catolicanet.net\/wp-cnet\/wp-json\/wp\/v2\/users\/7"}],"replies":[{"embeddable":true,"href":"https:\/\/catolicanet.net\/wp-cnet\/wp-json\/wp\/v2\/comments?post=46342"}],"version-history":[{"count":1,"href":"https:\/\/catolicanet.net\/wp-cnet\/wp-json\/wp\/v2\/posts\/46342\/revisions"}],"predecessor-version":[{"id":46343,"href":"https:\/\/catolicanet.net\/wp-cnet\/wp-json\/wp\/v2\/posts\/46342\/revisions\/46343"}],"wp:featuredmedia":[{"embeddable":true,"href":"https:\/\/catolicanet.net\/wp-cnet\/wp-json\/wp\/v2\/media\/32782"}],"wp:attachment":[{"href":"https:\/\/catolicanet.net\/wp-cnet\/wp-json\/wp\/v2\/media?parent=46342"}],"wp:term":[{"taxonomy":"category","embeddable":true,"href":"https:\/\/catolicanet.net\/wp-cnet\/wp-json\/wp\/v2\/categories?post=46342"},{"taxonomy":"post_tag","embeddable":true,"href":"https:\/\/catolicanet.net\/wp-cnet\/wp-json\/wp\/v2\/tags?post=46342"}],"curies":[{"name":"wp","href":"https:\/\/api.w.org\/{rel}","templated":true}]}}