{"id":4633,"date":"2014-05-23T13:00:49","date_gmt":"2014-05-23T16:00:49","guid":{"rendered":"http:\/\/catolicanet.net\/wp-cnet\/nuncio-em-israel-fala-da-visita-do-papa-a-terra-santa\/"},"modified":"2017-04-05T14:58:59","modified_gmt":"2017-04-05T17:58:59","slug":"nuncio-em-israel-fala-da-visita-do-papa-a-terra-santa","status":"publish","type":"post","link":"https:\/\/catolicanet.net\/wp-cnet\/nuncio-em-israel-fala-da-visita-do-papa-a-terra-santa\/","title":{"rendered":"N\u00fancio em Israel fala da visita do Papa \u00e0 Terra Santa"},"content":{"rendered":"<p style=\"text-align: justify;\"><img decoding=\"async\" src=\"http:\/\/catolicanet.com.br\/images\/stories\/nuncioisraelpapa.jpg\" border=\"0\" align=\"left\" \/>Em vista da segunda Viagem Apost\u00f3lica do Papa Francisco, que, depois do Brasil, o levar\u00e1 \u00e0 Terra Santa, a partir de amanh\u00e3, s\u00e1bado, at\u00e9 a pr\u00f3xima segunda-feira, o N\u00fancio em Israel e Delegado Apost\u00f3lico na Palestina, Dom Giuseppe Lazzarotto, fala da expectativa e da import\u00e2ncia do hist\u00f3rico encontro entre o Papa Paulo VI e o Patriarca Aten\u00e1goras, ocorrido 50 anos atr\u00e1s:<\/p>\n<p>\u201cH\u00e1 50 anos, o Papa Francisco e o Patriarca Bartolomeu querem recordar juntos aquele gesto, com todos os l\u00edderes das Igrejas crist\u00e3s de Jerusal\u00e9m, para abrir novos caminhos. Aquele foi, realmente, um momento que deu impulso a uma mudan\u00e7a muito significativa, da qual, ainda hoje, colhemos os frutos. Foi um gesto inspirado pelo Esp\u00edrito Santo. Este tamb\u00e9m ser\u00e1 um encontro hist\u00f3rico, porque h\u00e1 muita determina\u00e7\u00e3o em realizar este novo abra\u00e7o ecum\u00eanico. Por isso, h\u00e1 grande expectativa, grande esperan\u00e7a e confian\u00e7a em vista desta visita do Papa \u00e0 Terra Santa. O povo precisa da presen\u00e7a do Santo Padre, da sua palavra, dos seus gestos, que possam levar otimismo e encorajamento a todos. Da minha parte, espero que esta viagem do Papa possa dar esperan\u00e7a e confian\u00e7a aos crist\u00e3os, que enfrentam grandes dificuldades e exclus\u00e3o na terra de Jesus. Esperamos poder aprender a viver e a caminhar juntos, como uma grande fam\u00edlia, em comunh\u00e3o, di\u00e1logo e paz\u201d.<\/p>\n<p>Fonte: R\u00e1dio Vaticano<br \/>Local: Cidade do Vaticano<\/p>\n","protected":false},"excerpt":{"rendered":"<p>Em vista da segunda Viagem Apost\u00f3lica do Papa Francisco, que, depois do Brasil, o levar\u00e1 \u00e0 Terra Santa, a partir de amanh\u00e3, s\u00e1bado, at\u00e9 a pr\u00f3xima segunda-feira, o N\u00fancio em Israel e Delegado Apost\u00f3lico na Palestina, Dom Giuseppe Lazzarotto, fala da expectativa e da import\u00e2ncia do hist\u00f3rico encontro entre o Papa Paulo VI e o [&hellip;]<\/p>\n","protected":false},"author":1,"featured_media":0,"comment_status":"closed","ping_status":"closed","sticky":false,"template":"","format":"standard","meta":{"footnotes":""},"categories":[3],"tags":[],"class_list":["post-4633","post","type-post","status-publish","format-standard","hentry","category-vaticano"],"_links":{"self":[{"href":"https:\/\/catolicanet.net\/wp-cnet\/wp-json\/wp\/v2\/posts\/4633","targetHints":{"allow":["GET"]}}],"collection":[{"href":"https:\/\/catolicanet.net\/wp-cnet\/wp-json\/wp\/v2\/posts"}],"about":[{"href":"https:\/\/catolicanet.net\/wp-cnet\/wp-json\/wp\/v2\/types\/post"}],"author":[{"embeddable":true,"href":"https:\/\/catolicanet.net\/wp-cnet\/wp-json\/wp\/v2\/users\/1"}],"replies":[{"embeddable":true,"href":"https:\/\/catolicanet.net\/wp-cnet\/wp-json\/wp\/v2\/comments?post=4633"}],"version-history":[{"count":1,"href":"https:\/\/catolicanet.net\/wp-cnet\/wp-json\/wp\/v2\/posts\/4633\/revisions"}],"predecessor-version":[{"id":9560,"href":"https:\/\/catolicanet.net\/wp-cnet\/wp-json\/wp\/v2\/posts\/4633\/revisions\/9560"}],"wp:attachment":[{"href":"https:\/\/catolicanet.net\/wp-cnet\/wp-json\/wp\/v2\/media?parent=4633"}],"wp:term":[{"taxonomy":"category","embeddable":true,"href":"https:\/\/catolicanet.net\/wp-cnet\/wp-json\/wp\/v2\/categories?post=4633"},{"taxonomy":"post_tag","embeddable":true,"href":"https:\/\/catolicanet.net\/wp-cnet\/wp-json\/wp\/v2\/tags?post=4633"}],"curies":[{"name":"wp","href":"https:\/\/api.w.org\/{rel}","templated":true}]}}