{"id":46325,"date":"2018-12-31T14:49:20","date_gmt":"2018-12-31T16:49:20","guid":{"rendered":"http:\/\/catolicanet.net\/wp-cnet\/?p=46325"},"modified":"2018-12-31T14:49:20","modified_gmt":"2018-12-31T16:49:20","slug":"consagracao-ao-pai-nosso","status":"publish","type":"post","link":"https:\/\/catolicanet.net\/wp-cnet\/consagracao-ao-pai-nosso\/","title":{"rendered":"Consagra\u00e7\u00e3o ao Pai Nosso"},"content":{"rendered":"<p style=\"text-align: justify;\">Por Padre Luiz Roberto Di Lascio<\/p>\n<p style=\"text-align: justify;\">Diante do slogan Brasil acima de tudo e Deus acima de todos, creio ser oportuno e justo apresentar uma proposta ousada e desafiadora, pelo \u00eaxito conseguido nas elei\u00e7\u00f5es, para abrirmos, assim, com chave de ouro o ano de 2019. Estamos sob a for\u00e7a geradora do \u00e9lan espiritual que moveu impetuosamente os cora\u00e7\u00f5es dos cidad\u00e3os deste nosso pa\u00eds, num momento marcante da nossa hist\u00f3ria que certamente mudar\u00e1 os rumos da na\u00e7\u00e3o brasileira.<\/p>\n<p style=\"text-align: justify;\">Pudemos constatar a for\u00e7a do &#8220;brado desse povo heroico&#8221;, ansioso por mudan\u00e7as, aguerridos na luta pela justi\u00e7a, pela paz, pela democracia. Multid\u00f5es foram \u00e0s ruas empunhando a bandeira do Brasil ao som do Hino Nacional Brasileiro, num verdadeiro testemunho de f\u00e9 e confian\u00e7a em Deus, na certeza de que Ele nos indicaria o l\u00edder pol\u00edtico que estaria a frente desse movimento reivindicat\u00f3rio.<\/p>\n<p style=\"text-align: justify;\">As cores da nossa bandeira resplandeceram nos rostos miscigenados da nossa ra\u00e7a. De Leste a Oeste, de Norte a Sul, em todos os cantos, uma \u00fanica voz se ouviu: um, dois, mil, queremos Bolsonaro presidente do Brasil. Uma luz de esperan\u00e7a brilhou em toda a extens\u00e3o deste solo p\u00e1trio, massas se mobilizaram, as ruas, pra\u00e7as e avenidas se encheram de gente e a alegria voltou a dominar os cora\u00e7\u00f5es deste povo. Sim, um milagre aconteceu: o despertar de um gigante, que n\u00e3o estava dormindo em ber\u00e7o espl\u00eandido, mas em atitude de espera pelo momento oportuno para se levantar e entrar em a\u00e7\u00e3o, movido pelo &#8220;Ver\u00e1s que um filho teu n\u00e3o foge \u00e0 luta.&#8221;<\/p>\n<p style=\"text-align: justify;\">A batalha foi travada e com suor e sangue como sempre, na resili\u00eancia obstinada deste povo miscigenado de ra\u00e7as, credos, l\u00ednguas, cultura. Uma ra\u00e7a destemida, mais forte com a impuls\u00e3o do sangue o \u00edndio, do negro, dos imigrantes japoneses, alem\u00e3es, poloneses, italianos, espanh\u00f3is, portugueses \u00e1rabes e judeus, chineses e coreanos&#8230; Gente que nos adotou por op\u00e7\u00e3o e que atenta no brilho do olhar o orgulho de ser brasileiro. Poder\u00edamos nos perguntar: de onde vem tanta energia, entusiasmo e determina\u00e7\u00e3o? Veio da consci\u00eancia de que Deus est\u00e1 presente em tudo, tudo dirige, onisciente a tudo preside, acima de todos e de tudo!<\/p>\n<p style=\"text-align: justify;\">Milhares e milhares de brasileiros entraram numa imensa maratona de ora\u00e7\u00e3o. (o poder da ora\u00e7\u00e3o derruba a corrup\u00e7\u00e3o). Nunca, nesta Terra de Santa Cruz, se rezou tanto, a um s\u00f3 tempo, e com tamanha f\u00e9. De todos os quadrantes, todas as ra\u00e7as, credos. classes de profissionais e oper\u00e1rios, camadas sociopol\u00edticas, se podia sentir a for\u00e7a contagiante e poderosa dessa corrente orante que clamava ao seu Deus e Senhor para que olhasse por este povo brasileiro, com olhar de miseric\u00f3rdia para com esta nossa P\u00e1tria Amada Brasil.<\/p>\n<p style=\"text-align: justify;\">Assim sendo, dign\u00edssimo presidente da Rep\u00fablica Federativa do Brasil, capit\u00e3o Jair Messias Bolsonaro, em coer\u00eancia com o slogan de sua campanha: &#8220;O Brasil acima de todos e Deus acima de tudo&#8221;, venho lhe propor um grande desafio: que se crie uma lei que institua a Ora\u00e7\u00e3o do Pai Nosso como a ora\u00e7\u00e3o oficial de nosso Pa\u00eds. E que no dia 1\u00ba de janeiro de 2019, por ocasi\u00e3o de sua tomada de posse no cargo de mandat\u00e1rio m\u00e1ximo da Na\u00e7\u00e3o, conclame todos os cidad\u00e3os a consagrarem nosso pa\u00eds ao Deus Pai de Nosso Senhor Jesus Cristo, que est\u00e1 acima de todos e de tudo, recitando todos em uni\u00e3o, com o cora\u00e7\u00e3o e os l\u00e1bios a Ora\u00e7\u00e3o do Pai Nosso.<\/p>\n<p style=\"text-align: justify;\">Que este nobre gesto seja imbu\u00eddo de gratid\u00e3o e do reconhecimento de todo o nosso povo e principalmente de V.Sa. como presidente e de todos os brasileiros para com Deus, pelo imenso amor que Ele tem para conosco. Ousemos, assim acreditando, nos empenhar para que o Brasil esteja acima de todos e Deus acima de tudo. Proclamar convictamente que Deus \u00e9 o Senhor desta grande na\u00e7\u00e3o chamada: BRASIL.<\/p>\n<p style=\"text-align: justify;\">\n<p style=\"text-align: justify;\"><em>*<strong>Luiz Roberto Teixeira Di Lascio<\/strong> \u00e9 p\u00e1roco da Par\u00f3quia Nossa Senhora do Ros\u00e1rio de Pomp\u00e9ia &#8211; Arquidiocese de Campinas.<\/em><\/p>\n","protected":false},"excerpt":{"rendered":"<p>Por Padre Luiz Roberto Di Lascio Diante do slogan Brasil acima de tudo e Deus acima de todos, creio ser oportuno e justo apresentar uma proposta ousada e desafiadora, pelo \u00eaxito conseguido nas elei\u00e7\u00f5es, para abrirmos, assim, com chave de ouro o ano de 2019. Estamos sob a for\u00e7a geradora do \u00e9lan espiritual que moveu [&hellip;]<\/p>\n","protected":false},"author":1,"featured_media":46326,"comment_status":"open","ping_status":"closed","sticky":false,"template":"","format":"standard","meta":{"footnotes":""},"categories":[4,13],"tags":[],"class_list":["post-46325","post","type-post","status-publish","format-standard","has-post-thumbnail","hentry","category-cotidiano","category-featured"],"_links":{"self":[{"href":"https:\/\/catolicanet.net\/wp-cnet\/wp-json\/wp\/v2\/posts\/46325","targetHints":{"allow":["GET"]}}],"collection":[{"href":"https:\/\/catolicanet.net\/wp-cnet\/wp-json\/wp\/v2\/posts"}],"about":[{"href":"https:\/\/catolicanet.net\/wp-cnet\/wp-json\/wp\/v2\/types\/post"}],"author":[{"embeddable":true,"href":"https:\/\/catolicanet.net\/wp-cnet\/wp-json\/wp\/v2\/users\/1"}],"replies":[{"embeddable":true,"href":"https:\/\/catolicanet.net\/wp-cnet\/wp-json\/wp\/v2\/comments?post=46325"}],"version-history":[{"count":1,"href":"https:\/\/catolicanet.net\/wp-cnet\/wp-json\/wp\/v2\/posts\/46325\/revisions"}],"predecessor-version":[{"id":46327,"href":"https:\/\/catolicanet.net\/wp-cnet\/wp-json\/wp\/v2\/posts\/46325\/revisions\/46327"}],"wp:featuredmedia":[{"embeddable":true,"href":"https:\/\/catolicanet.net\/wp-cnet\/wp-json\/wp\/v2\/media\/46326"}],"wp:attachment":[{"href":"https:\/\/catolicanet.net\/wp-cnet\/wp-json\/wp\/v2\/media?parent=46325"}],"wp:term":[{"taxonomy":"category","embeddable":true,"href":"https:\/\/catolicanet.net\/wp-cnet\/wp-json\/wp\/v2\/categories?post=46325"},{"taxonomy":"post_tag","embeddable":true,"href":"https:\/\/catolicanet.net\/wp-cnet\/wp-json\/wp\/v2\/tags?post=46325"}],"curies":[{"name":"wp","href":"https:\/\/api.w.org\/{rel}","templated":true}]}}