{"id":46300,"date":"2018-12-19T14:49:10","date_gmt":"2018-12-19T16:49:10","guid":{"rendered":"http:\/\/catolicanet.net\/wp-cnet\/?p=46300"},"modified":"2018-12-20T08:58:43","modified_gmt":"2018-12-20T10:58:43","slug":"cnbb-manifesta-gratidao-a-dom-segismundo-martinez-bispo-emerito-de-corumba-ms","status":"publish","type":"post","link":"https:\/\/catolicanet.net\/wp-cnet\/cnbb-manifesta-gratidao-a-dom-segismundo-martinez-bispo-emerito-de-corumba-ms\/","title":{"rendered":"CNBB manifesta gratid\u00e3o a dom Segismundo Martinez, bispo em\u00e9rito de Corumb\u00e1 (MS)"},"content":{"rendered":"<p>A Confer\u00eancia Nacional dos Bispos do Brasil (CNBB), ao receber a not\u00edcia de que o Santo Padre, Papa Francisco, acolheu nesta quarta-feira, 19 de dezembro, o pedido de ren\u00fancia de dom Segismundo Martinez Alvarez ao governo pastoral da diocese de Corumb\u00e1 (MS) enviou ao prelado uma mensagem de agradecimento. Confira a \u00edntegra abaixo.<\/p>\n<p><strong>Agradecimento da CNBB a dom Sergismundo Martinez Alvarez<\/strong><\/p>\n<p><strong>\u00a0<\/strong><\/p>\n<p><strong>\u00a0<\/strong>Bras\u00edlia-DF, 19 de dezembro de 2018<\/p>\n<p>Prezado irm\u00e3o dom Segismundo Martinez Alvarez.<\/p>\n<p>A Confer\u00eancia Nacional dos Bispos do Brasil (CNBB), ao receber a not\u00edcia de que o Santo Padre, Papa Francisco, acolheu nesta quarta-feira, 19 de dezembro, o seu pedido de ren\u00fancia ao governo pastoral da diocese de Corumb\u00e1 (MS), vem manifestar gratid\u00e3o pelo seu percurso de servi\u00e7o \u00e0 Igreja como bispo.<\/p>\n<p>Reconhecemos, com alegria, que os seus 13 anos de pastoreio foram marcados por realiza\u00e7\u00f5es importantes para a caminhada do Povo de Deus nesta centen\u00e1ria Igreja Particular que \u00e9 a primeira diocese do estado do Mato Grosso do Sul.<\/p>\n<p>Trazemos as palavras do Papa Francisco, pronunciadas durante homilia na Casa Santa Marta em maio de 2017, para saudar o in\u00edcio de sua emeritude: \u201c<em>o pastor despede-se e conserva no cora\u00e7\u00e3o a paz de saber que n\u00e3o governou a Igreja com acomoda\u00e7\u00f5es. N\u00e3o recuou [\u2026] Sempre de cora\u00e7\u00e3o aberto \u00e0 voz de Deus: deixo isto, verei o que o Senhor me pede. E aquele pastor sem acomoda\u00e7\u00f5es agora \u00e9 um pastor a caminho. Porque n\u00e3o se apropriou do rebanho<\/em>\u201d.<\/p>\n<p>O lema episcopal que o senhor escolheu e iluminou o seu minist\u00e9rio \u00e9 uma constata\u00e7\u00e3o que traz profundo e necess\u00e1rio conforto espiritual: \u201c<em>Dives in Misericordia<\/em>\u201d(Rico em miseric\u00f3rdia). Uma constata\u00e7\u00e3o explicada por S\u00e3o Jo\u00e3o Paulo II em Enc\u00edclica com este mesmo t\u00edtulo publicada em 1980: Rico em miseric\u00f3rdia \u201c<em>\u00e9 Aquele que Jesus Cristo nos revelou como Pai e que Ele, seu pr\u00f3prio Filho, nos manifestou e deu a conhecer em Si mesmo<\/em>\u201d.<\/p>\n<p>Enviamos o nosso abra\u00e7o fraterno, nossas preces e nossa amizade.<\/p>\n<p>Em Cristo,<\/p>\n<p><strong>Dom Leonardo Ulrich Steiner<br \/>\n<\/strong>Bispo Auxiliar de Bras\u00edlia<br \/>\nSecret\u00e1rio-Geral da CNBB<\/p>\n","protected":false},"excerpt":{"rendered":"<p>A Confer\u00eancia Nacional dos Bispos do Brasil (CNBB), ao receber a not\u00edcia de que o Santo Padre, Papa Francisco, acolheu nesta quarta-feira, 19 de dezembro, o pedido de ren\u00fancia de dom Segismundo Martinez Alvarez ao governo pastoral da diocese de Corumb\u00e1 (MS) enviou ao prelado uma mensagem de agradecimento. Confira a \u00edntegra abaixo. Agradecimento da [&hellip;]<\/p>\n","protected":false},"author":1,"featured_media":46301,"comment_status":"open","ping_status":"closed","sticky":false,"template":"","format":"standard","meta":{"footnotes":""},"categories":[7],"tags":[],"class_list":["post-46300","post","type-post","status-publish","format-standard","has-post-thumbnail","hentry","category-cnbb"],"_links":{"self":[{"href":"https:\/\/catolicanet.net\/wp-cnet\/wp-json\/wp\/v2\/posts\/46300","targetHints":{"allow":["GET"]}}],"collection":[{"href":"https:\/\/catolicanet.net\/wp-cnet\/wp-json\/wp\/v2\/posts"}],"about":[{"href":"https:\/\/catolicanet.net\/wp-cnet\/wp-json\/wp\/v2\/types\/post"}],"author":[{"embeddable":true,"href":"https:\/\/catolicanet.net\/wp-cnet\/wp-json\/wp\/v2\/users\/1"}],"replies":[{"embeddable":true,"href":"https:\/\/catolicanet.net\/wp-cnet\/wp-json\/wp\/v2\/comments?post=46300"}],"version-history":[{"count":1,"href":"https:\/\/catolicanet.net\/wp-cnet\/wp-json\/wp\/v2\/posts\/46300\/revisions"}],"predecessor-version":[{"id":46302,"href":"https:\/\/catolicanet.net\/wp-cnet\/wp-json\/wp\/v2\/posts\/46300\/revisions\/46302"}],"wp:featuredmedia":[{"embeddable":true,"href":"https:\/\/catolicanet.net\/wp-cnet\/wp-json\/wp\/v2\/media\/46301"}],"wp:attachment":[{"href":"https:\/\/catolicanet.net\/wp-cnet\/wp-json\/wp\/v2\/media?parent=46300"}],"wp:term":[{"taxonomy":"category","embeddable":true,"href":"https:\/\/catolicanet.net\/wp-cnet\/wp-json\/wp\/v2\/categories?post=46300"},{"taxonomy":"post_tag","embeddable":true,"href":"https:\/\/catolicanet.net\/wp-cnet\/wp-json\/wp\/v2\/tags?post=46300"}],"curies":[{"name":"wp","href":"https:\/\/api.w.org\/{rel}","templated":true}]}}