{"id":4630,"date":"2014-05-21T16:31:33","date_gmt":"2014-05-21T19:31:33","guid":{"rendered":"http:\/\/catolicanet.net\/wp-cnet\/semana-em-preparacao-ao-dia-mundial-das-comunicacoes-sociais\/"},"modified":"2017-04-05T15:03:54","modified_gmt":"2017-04-05T18:03:54","slug":"semana-em-preparacao-ao-dia-mundial-das-comunicacoes-sociais","status":"publish","type":"post","link":"https:\/\/catolicanet.net\/wp-cnet\/semana-em-preparacao-ao-dia-mundial-das-comunicacoes-sociais\/","title":{"rendered":"Semana em prepara\u00e7\u00e3o ao Dia Mundial das Comunica\u00e7\u00f5es Sociais"},"content":{"rendered":"<p style=\"text-align: justify;\"><img decoding=\"async\" src=\"http:\/\/catolicanet.com.br\/images\/stories\/diamundialcomunicacoes.jpg\" border=\"0\" align=\"left\" \/>Em prepara\u00e7\u00e3o ao 48\u00b0 Dia Mundial das Comunica\u00e7\u00f5es Sociais, que se celebra 1\u00b0 de junho, alguns eventos est\u00e3o programados para esta e a pr\u00f3xima semana.<\/p>\n<p>Quinta-feira, dia 22 de maio, na Sala de Conven\u00e7\u00f5es da Comunidade de Santo Eg\u00eddio, se realizar\u00e1 um encontro com o t\u00edtulo: &#8220;Comunica\u00e7\u00e3o a servi\u00e7o de uma aut\u00eantica cultura do encontro&#8221; &#8211; tema do Dia Mundial das Comunica\u00e7\u00f5es Sociais deste ano.<\/p>\n<p>O evento \u00e9 promovido pela Diocese de Roma, pelo Centro de Comunica\u00e7\u00e3o e Cultura das Paulinas e pela Pontif\u00edcia Universidade Lateranense.<\/p>\n<p>O porta-voz da Diocese de Roma, Pe. Walter Insero, far\u00e1 a introdu\u00e7\u00e3o do encontro. Entre os palestrantes, est\u00e3o o historiador e fundador da Comunidade de Santo Eg\u00eddio, Andrea Riccardi, a jornalista Elisabetta Piqu\u00e9, correspondente do jornal argentino \u201cLa Nacion\u201d e autora do livro &#8216;Francisco, vida e revolu\u00e7\u00e3o&#8217;, e Dom Giancarlo Bregantini, Arcebispo de Campobasso-Boiano. O moderador ser\u00e1 Massimiliano Padula, respons\u00e1vel pela assessoria de imprensa da Pontif\u00edcia Universidade Lateranense .<\/p>\n<p>Na ocasi\u00e3o, ser\u00e1 entregue o pr\u00eamio de Comunica\u00e7\u00e3o \u201cPaulinas Comunica\u00e7\u00e3o e Cultura 2014\u201d a Dom Giancarlo Maria Bregantini por sua miss\u00e3o pastoral que tem sempre como centro o \u201cestar pr\u00f3ximo e dar aten\u00e7\u00e3o aos humildes\u201d.<\/p>\n<p>&#8220;Pensamos nesta iniciativa \u2013 explica o Pe. Walter Insero \u2013 estudando a fundo a mensagem do Papa, o local, a acolhida e os tr\u00eas palestrantes, testemunhas de comunica\u00e7\u00e3o aut\u00eantica, e propomos esse evento tamb\u00e9m como um momento de encontro verdadeiro que confirma (como escreve Papa Francisco na mensagem) a aten\u00e7\u00e3o e a presen\u00e7a da Igreja no mundo da comunica\u00e7\u00e3o, para dialogar com o homem de hoje e lev\u00e1-lo ao encontro com Cristo.\u201d<\/p>\n<p>Fonte: R\u00e1dio Vaticano<\/p>\n","protected":false},"excerpt":{"rendered":"<p>Em prepara\u00e7\u00e3o ao 48\u00b0 Dia Mundial das Comunica\u00e7\u00f5es Sociais, que se celebra 1\u00b0 de junho, alguns eventos est\u00e3o programados para esta e a pr\u00f3xima semana. Quinta-feira, dia 22 de maio, na Sala de Conven\u00e7\u00f5es da Comunidade de Santo Eg\u00eddio, se realizar\u00e1 um encontro com o t\u00edtulo: &#8220;Comunica\u00e7\u00e3o a servi\u00e7o de uma aut\u00eantica cultura do encontro&#8221; [&hellip;]<\/p>\n","protected":false},"author":1,"featured_media":0,"comment_status":"closed","ping_status":"closed","sticky":false,"template":"","format":"standard","meta":{"footnotes":""},"categories":[4],"tags":[],"class_list":["post-4630","post","type-post","status-publish","format-standard","hentry","category-cotidiano"],"_links":{"self":[{"href":"https:\/\/catolicanet.net\/wp-cnet\/wp-json\/wp\/v2\/posts\/4630","targetHints":{"allow":["GET"]}}],"collection":[{"href":"https:\/\/catolicanet.net\/wp-cnet\/wp-json\/wp\/v2\/posts"}],"about":[{"href":"https:\/\/catolicanet.net\/wp-cnet\/wp-json\/wp\/v2\/types\/post"}],"author":[{"embeddable":true,"href":"https:\/\/catolicanet.net\/wp-cnet\/wp-json\/wp\/v2\/users\/1"}],"replies":[{"embeddable":true,"href":"https:\/\/catolicanet.net\/wp-cnet\/wp-json\/wp\/v2\/comments?post=4630"}],"version-history":[{"count":1,"href":"https:\/\/catolicanet.net\/wp-cnet\/wp-json\/wp\/v2\/posts\/4630\/revisions"}],"predecessor-version":[{"id":9567,"href":"https:\/\/catolicanet.net\/wp-cnet\/wp-json\/wp\/v2\/posts\/4630\/revisions\/9567"}],"wp:attachment":[{"href":"https:\/\/catolicanet.net\/wp-cnet\/wp-json\/wp\/v2\/media?parent=4630"}],"wp:term":[{"taxonomy":"category","embeddable":true,"href":"https:\/\/catolicanet.net\/wp-cnet\/wp-json\/wp\/v2\/categories?post=4630"},{"taxonomy":"post_tag","embeddable":true,"href":"https:\/\/catolicanet.net\/wp-cnet\/wp-json\/wp\/v2\/tags?post=4630"}],"curies":[{"name":"wp","href":"https:\/\/api.w.org\/{rel}","templated":true}]}}