{"id":4629,"date":"2014-05-21T16:28:16","date_gmt":"2014-05-21T19:28:16","guid":{"rendered":"http:\/\/catolicanet.net\/wp-cnet\/francisco-apela-a-solidariedade-para-com-vitimas-das-enchentes-nos-balcas\/"},"modified":"2017-04-05T15:04:22","modified_gmt":"2017-04-05T18:04:22","slug":"francisco-apela-a-solidariedade-para-com-vitimas-das-enchentes-nos-balcas","status":"publish","type":"post","link":"https:\/\/catolicanet.net\/wp-cnet\/francisco-apela-a-solidariedade-para-com-vitimas-das-enchentes-nos-balcas\/","title":{"rendered":"Francisco apela \u00e0 solidariedade para com v\u00edtimas das enchentes nos B\u00e1lc\u00e3s"},"content":{"rendered":"<p style=\"text-align: justify;\">Solidariedade para as v\u00edtimas das enchentes nos B\u00e1lc\u00e3s: ao final da Audi\u00eancia Geral desta quarta-feira, o Papa Francisco lan\u00e7ou um apelo em prol dos desabrigados na B\u00f3snia e Herzegovina e na S\u00e9rvia, seguido de uma Ave-Maria. Quase 50 pessoas morreram em toda a regi\u00e3o:<\/p>\n<p>\u201cO meu pensamento vai \u00e0s popula\u00e7\u00f5es de B\u00f3snia e Herzegovina e S\u00e9rvia, duramente atingidas por alagamentos e inunda\u00e7\u00f5es, com perdas de vidas humanas, in\u00fameros desabrigados e fortes preju\u00edzos. Infelizmente, a situa\u00e7\u00e3o se agravou, portanto eu os convido a unirem-se \u00e0 minha ora\u00e7\u00e3o e por todas as pessoas atingidas por esta calamidades. Que n\u00e3o falte a esses nossos irm\u00e3os a nossa solidariedade e apoio concreto da comunidade internacional.\u201d<\/p>\n<p>O Papa se dirigiu tamb\u00e9m aos fi\u00e9is chineses, por ocasi\u00e3o da mem\u00f3ria lit\u00fargica da Bem-Aventurada Maria Aux\u00edlio dos Crist\u00e3os, celebrada em 24 de maio.<\/p>\n<p>\u201cPe\u00e7o a todos os fi\u00e9is que rezem para que, sob a prote\u00e7\u00e3o da M\u00e3e Auxiliadora, os cat\u00f3licos na China continuem a crer, a esperar e a amar e seja, em todas as circunst\u00e2ncias, fermento de harmoniosa conviv\u00eancia entre seus compatriotas.\u201d<\/p>\n<p>Francisco falou ainda aos mission\u00e1rios e catequistas, recordando a beatifica\u00e7\u00e3o de um sacerdote e de um leigo que morreram na Birm\u00e2nia em 1950.<br \/>O Papa faz votos de que o mart\u00edrio do Pe. Mario Vergara e do leigo Isidoro Ngei Ko Lat sirva de \u201cencorajamento e de exemplo aos mission\u00e1rios, especialmente aos catequistas que nas terras de miss\u00e3o desempenham uma preciosa e insubstitu\u00edvel obra apost\u00f3lica, pela qual toda a Igreja lhes \u00e9 grata\u201d.<\/p>\n<p>Fonte: R\u00e1dio Vaticano<\/p>\n","protected":false},"excerpt":{"rendered":"<p>Solidariedade para as v\u00edtimas das enchentes nos B\u00e1lc\u00e3s: ao final da Audi\u00eancia Geral desta quarta-feira, o Papa Francisco lan\u00e7ou um apelo em prol dos desabrigados na B\u00f3snia e Herzegovina e na S\u00e9rvia, seguido de uma Ave-Maria. Quase 50 pessoas morreram em toda a regi\u00e3o: \u201cO meu pensamento vai \u00e0s popula\u00e7\u00f5es de B\u00f3snia e Herzegovina e [&hellip;]<\/p>\n","protected":false},"author":1,"featured_media":0,"comment_status":"closed","ping_status":"closed","sticky":false,"template":"","format":"standard","meta":{"footnotes":""},"categories":[4],"tags":[],"class_list":["post-4629","post","type-post","status-publish","format-standard","hentry","category-cotidiano"],"_links":{"self":[{"href":"https:\/\/catolicanet.net\/wp-cnet\/wp-json\/wp\/v2\/posts\/4629","targetHints":{"allow":["GET"]}}],"collection":[{"href":"https:\/\/catolicanet.net\/wp-cnet\/wp-json\/wp\/v2\/posts"}],"about":[{"href":"https:\/\/catolicanet.net\/wp-cnet\/wp-json\/wp\/v2\/types\/post"}],"author":[{"embeddable":true,"href":"https:\/\/catolicanet.net\/wp-cnet\/wp-json\/wp\/v2\/users\/1"}],"replies":[{"embeddable":true,"href":"https:\/\/catolicanet.net\/wp-cnet\/wp-json\/wp\/v2\/comments?post=4629"}],"version-history":[{"count":1,"href":"https:\/\/catolicanet.net\/wp-cnet\/wp-json\/wp\/v2\/posts\/4629\/revisions"}],"predecessor-version":[{"id":9568,"href":"https:\/\/catolicanet.net\/wp-cnet\/wp-json\/wp\/v2\/posts\/4629\/revisions\/9568"}],"wp:attachment":[{"href":"https:\/\/catolicanet.net\/wp-cnet\/wp-json\/wp\/v2\/media?parent=4629"}],"wp:term":[{"taxonomy":"category","embeddable":true,"href":"https:\/\/catolicanet.net\/wp-cnet\/wp-json\/wp\/v2\/categories?post=4629"},{"taxonomy":"post_tag","embeddable":true,"href":"https:\/\/catolicanet.net\/wp-cnet\/wp-json\/wp\/v2\/tags?post=4629"}],"curies":[{"name":"wp","href":"https:\/\/api.w.org\/{rel}","templated":true}]}}