{"id":46197,"date":"2018-12-17T13:30:54","date_gmt":"2018-12-17T15:30:54","guid":{"rendered":"http:\/\/catolicanet.net\/wp-cnet\/?p=46197"},"modified":"2018-12-17T13:30:54","modified_gmt":"2018-12-17T15:30:54","slug":"dom-aloisio-em-nossos-coracoes","status":"publish","type":"post","link":"https:\/\/catolicanet.net\/wp-cnet\/dom-aloisio-em-nossos-coracoes\/","title":{"rendered":"Dom Alo\u00edsio em nossos cora\u00e7\u00f5es"},"content":{"rendered":"<p>Na proximidade da festa em que os anjos anunciam a gl\u00f3ria <img loading=\"lazy\" decoding=\"async\" class=\"size-medium wp-image-46199 alignleft\" src=\"http:\/\/catolicanet.net\/wp-cnet\/wp-content\/uploads\/555-200x300.jpg\" alt=\"\" width=\"200\" height=\"300\" srcset=\"https:\/\/catolicanet.net\/wp-cnet\/wp-content\/uploads\/555-200x300.jpg 200w, https:\/\/catolicanet.net\/wp-cnet\/wp-content\/uploads\/555-280x420.jpg 280w, https:\/\/catolicanet.net\/wp-cnet\/wp-content\/uploads\/555.jpg 367w\" sizes=\"auto, (max-width: 200px) 100vw, 200px\" \/>de Deus, pela salva\u00e7\u00e3o que nos \u00e9 oferecida no nascimento da crian\u00e7a de Bel\u00e9m, chega-nos, aqui em Fortaleza-CE, parte dos restos mortais de Dom Alo\u00edsio Cardeal Lorscheider. Trata-se de um irm\u00e3o entre irm\u00e3os, mas que mexeu com a consci\u00eancia das pessoas de boa vontade do estado do Cear\u00e1, sensibilizou-as, falando-lhes em alto e bom tom da necessidade de uma nova pr\u00e1tica, voltada a Deus, especialmente pela aten\u00e7\u00e3o dada aos que aqui encontrou em situa\u00e7\u00e3o de mis\u00e9ria, fome e exclus\u00e3o social. Como j\u00e1 disse alhures, considerou o povo cearense, com sua hist\u00f3ria, realidade e cultura, tornando-se seu patrim\u00f4nio. Ao mesmo tempo, estimulou-o a ser sujeito e protagonista de sua pr\u00f3pria hist\u00f3ria.<\/p>\n<p>Dom Alo\u00edsio, no legado de pastor terno, doce e af\u00e1vel, cativou cora\u00e7\u00f5es e marcou profundamente a face da Igreja na segunda metade do s\u00e9culo XX e in\u00edcio do s\u00e9culo XXI. Ensinou-nos que o Evangelho, na sua plenitude e no seu todo, significa, na realidade, a revela\u00e7\u00e3o do verdadeiro rosto de uma Igreja em sa\u00edda e inclusiva, longe de todo e qualquer tipo de intoler\u00e2ncia, arma dos preconceituosos e dos fechados ao projeto do nosso Deus e Pai.<\/p>\n<p>Ele tem muito a nos ensinar, sobretudo quando se acentua a import\u00e2ncia de campanhas em favor da vida, num n\u00e3o ao aborto, dentro de uma vis\u00e3o que se alarga, pela sua coerente dedica\u00e7\u00e3o \u00e0 Igreja e aos irm\u00e3os, sem excluir e negar a cidadania eclesi\u00e1stica a ningu\u00e9m. Credenciou-se como refer\u00eancia, igualmente, numa sensibilidade sempre maior, ao se enfatizar o rosto de Deus nos moradores de ruas, nos que s\u00e3o golpeados pela fome, mesmo antes de nascer, sem esquecer os refugiados, os migrantes e os que lhes faltava liberdade de express\u00e3o.<\/p>\n<p>A for\u00e7a e exuber\u00e2ncia de Deus, de tal modo, pousou sobre Dom Alo\u00edsio, na op\u00e7\u00e3o que fez de viver a justi\u00e7a divina, para que, desse modo, seu rebanho experimentasse a paz verdadeira e duradoura. Pelo seu constante esfor\u00e7o de buscar uma vida de convers\u00e3o pessoal, ao chegar ao Nordeste brasileiro, configurou-se com o Cristo do Evangelho, tornando-se um dom vis\u00edvel de Deus, com seu exemplar modo de viver, concretizado nos empobrecidos. Ele, no entardecer de sua vida (23\/12\/2007), consciente de que de Deus tinha sido servo bom e fiel, assim se expressou: &#8220;Estou preparado. Sou curioso, quero ver o outro mundo. Viver face a face com Deus, sem d\u00favida, \u00e9 diferente&#8221;.<\/p>\n<p>Concomitante com a URNA MEMORIAL EX OSSIBUS de Dom Alo\u00edsio Lorscheider, que se encontra na C\u00faria Metropolitana desde o dia 12 de dezembro, sendo recebida pela Catedral Metropolitana no dia 21, em Celebra\u00e7\u00e3o Eucar\u00edstica, por ocasi\u00e3o do anivers\u00e1rio da Dedica\u00e7\u00e3o da Catedral, que foi por ele conclu\u00edda e consagrada, \u00e9 que colocamos, nas m\u00e3os do povo de Deus, nossa humilde publica\u00e7\u00e3o fotobiogr\u00e1fica: Dom Alo\u00edsio em nossos cora\u00e7\u00f5es. Assim seja!<\/p>\n","protected":false},"excerpt":{"rendered":"<p>Na proximidade da festa em que os anjos anunciam a gl\u00f3ria de Deus, pela salva\u00e7\u00e3o que nos \u00e9 oferecida no nascimento da crian\u00e7a de Bel\u00e9m, chega-nos, aqui em Fortaleza-CE, parte dos restos mortais de Dom Alo\u00edsio Cardeal Lorscheider. Trata-se de um irm\u00e3o entre irm\u00e3os, mas que mexeu com a consci\u00eancia das pessoas de boa vontade [&hellip;]<\/p>\n","protected":false},"author":6,"featured_media":32779,"comment_status":"open","ping_status":"closed","sticky":false,"template":"","format":"standard","meta":{"footnotes":""},"categories":[9],"tags":[],"class_list":["post-46197","post","type-post","status-publish","format-standard","has-post-thumbnail","hentry","category-artigos"],"_links":{"self":[{"href":"https:\/\/catolicanet.net\/wp-cnet\/wp-json\/wp\/v2\/posts\/46197","targetHints":{"allow":["GET"]}}],"collection":[{"href":"https:\/\/catolicanet.net\/wp-cnet\/wp-json\/wp\/v2\/posts"}],"about":[{"href":"https:\/\/catolicanet.net\/wp-cnet\/wp-json\/wp\/v2\/types\/post"}],"author":[{"embeddable":true,"href":"https:\/\/catolicanet.net\/wp-cnet\/wp-json\/wp\/v2\/users\/6"}],"replies":[{"embeddable":true,"href":"https:\/\/catolicanet.net\/wp-cnet\/wp-json\/wp\/v2\/comments?post=46197"}],"version-history":[{"count":1,"href":"https:\/\/catolicanet.net\/wp-cnet\/wp-json\/wp\/v2\/posts\/46197\/revisions"}],"predecessor-version":[{"id":46200,"href":"https:\/\/catolicanet.net\/wp-cnet\/wp-json\/wp\/v2\/posts\/46197\/revisions\/46200"}],"wp:featuredmedia":[{"embeddable":true,"href":"https:\/\/catolicanet.net\/wp-cnet\/wp-json\/wp\/v2\/media\/32779"}],"wp:attachment":[{"href":"https:\/\/catolicanet.net\/wp-cnet\/wp-json\/wp\/v2\/media?parent=46197"}],"wp:term":[{"taxonomy":"category","embeddable":true,"href":"https:\/\/catolicanet.net\/wp-cnet\/wp-json\/wp\/v2\/categories?post=46197"},{"taxonomy":"post_tag","embeddable":true,"href":"https:\/\/catolicanet.net\/wp-cnet\/wp-json\/wp\/v2\/tags?post=46197"}],"curies":[{"name":"wp","href":"https:\/\/api.w.org\/{rel}","templated":true}]}}