{"id":46193,"date":"2018-12-17T09:46:53","date_gmt":"2018-12-17T11:46:53","guid":{"rendered":"http:\/\/catolicanet.net\/wp-cnet\/?p=46193"},"modified":"2018-12-17T13:16:55","modified_gmt":"2018-12-17T15:16:55","slug":"a-alegria-do-nascimento-de-jesus-nos-traz-a-paz","status":"publish","type":"post","link":"https:\/\/catolicanet.net\/wp-cnet\/a-alegria-do-nascimento-de-jesus-nos-traz-a-paz\/","title":{"rendered":"A alegria do nascimento de Jesus nos traz a paz!"},"content":{"rendered":"<p>Estamos pr\u00f3ximos do Natal. O \u00faltimo domingo do Advento \u00e9 um tempo prop\u00edcio para abrir nosso cora\u00e7\u00e3o para receber o Pr\u00edncipe da Paz, que est\u00e1 para chegar. Por isso \u00e9 momento prop\u00edcio, depois de estarmos terminando a celebra\u00e7\u00e3o da Novena de Natal, de procurar o confession\u00e1rio e nos colocarmos como penitentes diante de Deus e do ministro ordenado. Jesus continua vindo ao nosso encontro.<\/p>\n<p>Nestes \u00faltimos dias antes do Natal, a mensagem fundamental da Palavra de Deus gira \u00e0 volta da defini\u00e7\u00e3o da miss\u00e3o de Jesus: propor um projeto de salva\u00e7\u00e3o e de liberta\u00e7\u00e3o que leve os homens \u00e0 descoberta da verdadeira felicidade.<\/p>\n<p>O Evangelho(cf. Lc 1,39045) sugere que esse projeto de Deus tem um rosto: Jesus de Nazar\u00e9 veio ao encontro dos homens para apresentar aos prisioneiros e aos que jazem na escravid\u00e3o uma proposta de vida e de liberdade. Ele prop\u00f5e um mundo novo, onde os marginalizados e oprimidos t\u00eam lugar e onde os que sofrem encontram a dignidade e a felicidade. Este \u00e9 um an\u00fancio de alegria e de salva\u00e7\u00e3o, que faz rejubilar todos os que reconhecem em Jesus a proposta libertadora que Deus lhes faz. Essa proposta chega, tantas vezes, atrav\u00e9s dos limites e da fragilidade dos \u201cinstrumentos\u201d humanos de Deus; mas \u00e9 sempre uma proposta que tem o selo e a for\u00e7a de Deus. \u201cMaria entrou em casa de Zacarias e saudou Isabel\u201d e esta, \u201crepleta do Esp\u00edrito Santo, grita: Bendita \u00e9s tu entre as mulheres e bendito \u00e9 o fruto do teu ventre. Donde me vem que a m\u00e3e do meu Senhor me visite?\u201d. Naquele momento, Isabel tem o mesmo sentimento dos ap\u00f3stolos: \u201c\u00c9 bom estarmos aqui!\u201d. Ela e Jo\u00e3o, bem como seu marido Zacarias, s\u00e3o beneficiados com a visita de Maria que traz Jesus. Duas m\u00e3es de idades diferentes encontram-se em um \u00fanico hino de louvor a Deus. Para Maria, o motivo do encontro \u00e9 o desejo natural de comunicar o grande acontecimento que ela conhece, prestar aux\u00edlio a quem est\u00e1 em necessidade e reconhecer o sinal dado pelo Senhor atrav\u00e9s de Isabel, inserindo-se, assim, no grande plano de Deus. Maria compreende e age. Sua ades\u00e3o \u00e0 vontade de Deus e sua obedi\u00eancia n\u00e3o traduzem pregui\u00e7a e dificuldade, mas sim alegria e decis\u00e3o. Quem segue Deus e est\u00e1 cheio de Seu esp\u00edrito caminha de cora\u00e7\u00e3o alegre, de \u00e2nimo aberto, mesmo por estradas fatigantes. Maria nos ensina isso nesta sua viagem em dire\u00e7\u00e3o \u00e0 regi\u00e3o montanhosa onde Isabel vivia. Como Maria sejamos alegres no servi\u00e7o a quem precisa, como Isabel, sua prima: <em>a alegria \u00e9 a ora\u00e7\u00e3o, a alegria \u00e9 a for\u00e7a, a alegria \u00e9 o amor, \u00e9 um fio de amor gra\u00e7as ao qual podereis captar as almas. \u00abDeus ama aquele que d\u00e1 com alegria\u00bb (2Cor 9, 7). Aquele que d\u00e1 com alegria d\u00e1 mais. Se encontrarmos dificuldades no trabalho e as aceitarmos com alegria, com um grande sorriso, nisto como em muitas outras coisas constatar-se-\u00e1 que as nossas obras s\u00e3o boas e o Pai ser\u00e1 glorificado. A melhor maneira de mostrardes a vossa gratid\u00e3o a Deus e aos homens \u00e9 aceitar tudo com alegria. Um cora\u00e7\u00e3o alegre prov\u00e9m de um cora\u00e7\u00e3o que arde de amor.<\/em><\/p>\n<p>A primeira leitura(cf. Mq 5,1-4a) exorta que este mundo novo que Jesus, o descendente de David, veio propor \u00e9 um dom do amor de Deus. O nome de Jesus \u00e9 \u201ca Paz\u201d: Ele veio apresentar uma proposta de um \u201creino\u201d de paz e de amor, n\u00e3o constru\u00eddo com a for\u00e7a das armas, mas constru\u00eddo e acolhido nos cora\u00e7\u00f5es dos homens.<\/p>\n<p>A segunda leitura(cf. Hb 10,5-10) sugere que a miss\u00e3o libertadora de Jesus visa o estabelecimento de uma rela\u00e7\u00e3o de comunh\u00e3o e de proximidade entre Deus e os homens. \u00c9 necess\u00e1rio que os homens acolham esta proposta com disponibilidade e obedi\u00eancia \u2013 \u00e0 imagem de Jesus Cristo \u2013 num \u201csim\u201d total ao projeto de Deus.<\/p>\n<p>Jesus \u00e9 o Deus Conosco que nos ilumina. Deus Menino renova as nossas esperan\u00e7as na a\u00e7\u00e3o de Deus em ossas vidas, a exemplo de Maria e de Isabel. A a\u00e7\u00e3o de Deus n\u00e3o est\u00e1 no centro dos poderes econ\u00f4micos, pol\u00edticos ou sociais. A a\u00e7\u00e3o de Deus est\u00e1 nas realidades em que est\u00e3o os pobres, marginilzados e perseguidos. Os simples ser\u00e3o exaltados, como Isabel e Maria Sant\u00edsima, pois repartem seus bens e seus dons e, atrav\u00e9s deles, Deus concretiza as suas promessas.<\/p>\n<p>Nos preparemos adequadamente para a festa do Natal: uma festa cujo o \u201cdono\u201d \u00e9 Jesus Menino. Sejamos contagiados pela beleza da simplicidade da manjedoura e pe\u00e7amos que o Pr\u00edncipe da Paz traga alegria para nossos cora\u00e7\u00f5es. Que nossos cora\u00e7\u00f5es sejam de pobres das coisas do mundo e ricos do servi\u00e7o em favor dos irm\u00e3os e irm\u00e3s.<\/p>\n<p>A alegria do nascimento de Jesus nos traz a paz!<\/p>\n","protected":false},"excerpt":{"rendered":"<p>Estamos pr\u00f3ximos do Natal. O \u00faltimo domingo do Advento \u00e9 um tempo prop\u00edcio para abrir nosso cora\u00e7\u00e3o para receber o Pr\u00edncipe da Paz, que est\u00e1 para chegar. Por isso \u00e9 momento prop\u00edcio, depois de estarmos terminando a celebra\u00e7\u00e3o da Novena de Natal, de procurar o confession\u00e1rio e nos colocarmos como penitentes diante de Deus e [&hellip;]<\/p>\n","protected":false},"author":10,"featured_media":32785,"comment_status":"open","ping_status":"closed","sticky":false,"template":"","format":"standard","meta":{"footnotes":""},"categories":[9],"tags":[],"class_list":["post-46193","post","type-post","status-publish","format-standard","has-post-thumbnail","hentry","category-artigos"],"_links":{"self":[{"href":"https:\/\/catolicanet.net\/wp-cnet\/wp-json\/wp\/v2\/posts\/46193","targetHints":{"allow":["GET"]}}],"collection":[{"href":"https:\/\/catolicanet.net\/wp-cnet\/wp-json\/wp\/v2\/posts"}],"about":[{"href":"https:\/\/catolicanet.net\/wp-cnet\/wp-json\/wp\/v2\/types\/post"}],"author":[{"embeddable":true,"href":"https:\/\/catolicanet.net\/wp-cnet\/wp-json\/wp\/v2\/users\/10"}],"replies":[{"embeddable":true,"href":"https:\/\/catolicanet.net\/wp-cnet\/wp-json\/wp\/v2\/comments?post=46193"}],"version-history":[{"count":1,"href":"https:\/\/catolicanet.net\/wp-cnet\/wp-json\/wp\/v2\/posts\/46193\/revisions"}],"predecessor-version":[{"id":46194,"href":"https:\/\/catolicanet.net\/wp-cnet\/wp-json\/wp\/v2\/posts\/46193\/revisions\/46194"}],"wp:featuredmedia":[{"embeddable":true,"href":"https:\/\/catolicanet.net\/wp-cnet\/wp-json\/wp\/v2\/media\/32785"}],"wp:attachment":[{"href":"https:\/\/catolicanet.net\/wp-cnet\/wp-json\/wp\/v2\/media?parent=46193"}],"wp:term":[{"taxonomy":"category","embeddable":true,"href":"https:\/\/catolicanet.net\/wp-cnet\/wp-json\/wp\/v2\/categories?post=46193"},{"taxonomy":"post_tag","embeddable":true,"href":"https:\/\/catolicanet.net\/wp-cnet\/wp-json\/wp\/v2\/tags?post=46193"}],"curies":[{"name":"wp","href":"https:\/\/api.w.org\/{rel}","templated":true}]}}