{"id":46163,"date":"2018-12-14T11:02:26","date_gmt":"2018-12-14T13:02:26","guid":{"rendered":"http:\/\/catolicanet.net\/wp-cnet\/?p=46163"},"modified":"2018-12-14T11:04:14","modified_gmt":"2018-12-14T13:04:14","slug":"anunciada-nova-viagem-do-papa-francisco-para-2019","status":"publish","type":"post","link":"https:\/\/catolicanet.net\/wp-cnet\/anunciada-nova-viagem-do-papa-francisco-para-2019\/","title":{"rendered":"Anunciada nova viagem do Papa Francisco para 2019"},"content":{"rendered":"<div class=\"article__subTitle\">A Santa S\u00e9 \u201ctem trabalhado a fim de que o acesso \u00e0 \u00e1gua pot\u00e1vel e segura seja reconhecido como um direito humano basilar, fundamental e universal\u201d e seja aplicado no modo mais extensivo poss\u00edvel, destacou Mons. Chica Arellano no Dia de estudo em Madri (13\/12) sobre o tema &#8220;\u00c1gua, agricultura, alimenta\u00e7\u00e3o&#8221;.<\/div>\n<div class=\"title__separator\"><\/div>\n<div class=\"article__text\">\n<p><b>Cidade do Vaticano<\/b><\/p>\n<p>A Santa S\u00e9 lan\u00e7ou um apelo \u00e0 responsabilidade a \u201ctodos os atores que se ocupam do fornecimento dos recursos h\u00eddricos\u201d. O apelo foi feito por ocasi\u00e3o do encontro realizado na quinta-feira (13\/12) na Universidade Polit\u00e9cnica de Madri, na Espanha, intitulado \u201c\u00c1gua, agricultura, alimenta\u00e7\u00e3o: construamos o amanh\u00e3\u201d, organizado pela escola superior t\u00e9cnica de agronomia sobre a alimenta\u00e7\u00e3o e os biossistemas.<\/p>\n<p>A fim de que isso ocorra, \u00e9 preciso, quer um processo de descentraliza\u00e7\u00e3o das responsabilidades, quer uma simult\u00e2nea transfer\u00eancia dos recursos e das capacidades aos respons\u00e1veis pol\u00edticos locais, explicou o observador permanente da Santa S\u00e9 junto \u00e0 FAO (Organiza\u00e7\u00e3o das Na\u00e7\u00f5es Unidas para alimenta\u00e7\u00e3o e agricultura), IFAD (Fundo internacional para o desenvolvimento agr\u00edcola) e o PAM (Programa Alimentar Mundial), Mons. Fernando Chica Arellano.<\/p>\n<h2>Evitar inefici\u00eancias, perdar ouo desperd\u00edcio<\/h2>\n<p>Ademais, \u00e9 preciso elaborar \u201cum corpo normativo claro e definitivo, que estabele\u00e7a as v\u00e1rias responsabilidades e evite inefici\u00eancias, perdas ou o desperd\u00edcio\u201d, disse o representante vaticano.<\/p>\n<p>Para garantir solu\u00e7\u00f5es realmente sustent\u00e1veis, \u00e9 tamb\u00e9m necess\u00e1rio favorecer esta nova abordagem \u201cde modo vigoroso, considerando as exig\u00eancias espec\u00edficas\u201d, continuou.<\/p>\n<p>Efetivamente, toda comunidade \u201ctem seu problema, com incidentes que podem variar da falta de \u00e1gua relacionada \u00e0s mudan\u00e7as clim\u00e1ticas, \u00e0 m\u00e1 gest\u00e3o ou \u00e0 excessiva liberaliza\u00e7\u00e3o do servi\u00e7o h\u00eddrico. N\u00e3o existe uma solu\u00e7\u00e3o que possa ser igualmente v\u00e1lida ou un\u00e2nime em todos os casos\u201d, especificou.<\/p>\n<h2>\u00c1gua, bem social e cultural, n\u00e3o um bem econ\u00f4mico<\/h2>\n<p>Em seu discurso, o prelado espanhol concentrou-se em seguida sobre o tema do direito ao acesso \u00e0 \u00e1gua, que se baseia numa realidade complexa: de um lado, de fato, existe \u201cuma liga\u00e7\u00e3o direta e imediata entre o acesso \u00e0 \u00e1gua e as necessidades prim\u00e1rias de todo ser humano\u201d, de outro, \u201cse est\u00e1 dando tamb\u00e9m uma import\u00e2ncia comercial, econ\u00f4mica e pol\u00edtica a tal recurso natural\u201d.<\/p>\n<p>Ambos os aspectos s\u00e3o significativos, mas \u201co aspecto econ\u00f4mico deve ser certamente subordinado aos aspectos sociais e individuais\u201d e \u201ca \u00e1gua deve ser considerada um bem social e cultural, e n\u00e3o fundamentalmente como um bem econ\u00f4mico\u201d, ressaltou o observador permanente da Santa S\u00e9.<\/p>\n<h2>\u00c1gua n\u00e3o pode ser privatizada ou comercializada<\/h2>\n<p>A \u00e1gua n\u00e3o \u00e9 um mero recurso e n\u00e3o se pode privatiz\u00e1-la, comercializ\u00e1-la ou deix\u00e1-la \u00e0 total gest\u00e3o de privados e mercados, concluiu.<\/p>\n<p>Outro aspecto \u201cde import\u00e2ncia vital\u201d acenado pela Santa S\u00e9 foi o impacto que o acesso \u00e0 \u00e1gua tem sobre a alimenta\u00e7\u00e3o. Foi calculado que, para o ano 2050, o melhoramento da qualidade de vida, bem como o aumento da popula\u00e7\u00e3o mundial, comportar\u00e3o um incremento de 60% da exig\u00eancia de alimento.<\/p>\n<p>\u201cAtualmente, o setor agr\u00edcola cobre 70% do consumo de \u00e1gua, especialmente no campo da cria\u00e7\u00e3o intensiva; \u00e9, portanto, urgente e imprescind\u00edvel uma interven\u00e7\u00e3o decisiva e determinada para impedir que a situa\u00e7\u00e3o se torne insustent\u00e1vel num futuro pr\u00f3ximo.\u201d<\/p>\n<p>\u201cDada a j\u00e1 enorme quantidade de \u00e1gua destinada \u00e0 produ\u00e7\u00e3o de alimento, alcan\u00e7ar a atual exig\u00eancia de \u00e1gua de modo ecossustent\u00e1vel tornou-se um objetivo fundamental cuja concretiza\u00e7\u00e3o deve ser alcan\u00e7ada sem mais tardar\u201d, advertiu o prelado.<\/p>\n<p>Al\u00e9m disso, nos pr\u00f3ximos anos o aumento da quantidade de \u00e1gua necess\u00e1ria para o setor agr\u00edcola ser\u00e1 acompanhado de um aumento do consumo de \u00e1gua devido a um desenvolvimento acelerado da urbaniza\u00e7\u00e3o.<\/p>\n<\/div>\n<div>\n<aside class=\"article__readmore\">\n<div class=\"teaser--labelEvidence teaser\">\n<article>\n<div class=\"teaser__contentWrapper\">\n<div><\/div>\n<\/div>\n<\/article>\n<\/div>\n<\/aside>\n<\/div>\n<p>Especificamente, se n\u00e3o forem tomadas medidas necess\u00e1rias para modificar as atuais tend\u00eancias de despovoamento rural, em torno do ano 2050, 66% da popula\u00e7\u00e3o mundial residir\u00e1 nas cidades. Essa mudan\u00e7a demogr\u00e1fica amea\u00e7a colocar sob press\u00e3o situa\u00e7\u00f5es j\u00e1 complexas e de dif\u00edceis solu\u00e7\u00f5es na gest\u00e3o dos recursos h\u00eddricos.<\/p>\n<p>A Santa S\u00e9 \u201ctem trabalhado a fim de que o acesso \u00e0 \u00e1gua pot\u00e1vel e segura seja reconhecido como um direito humano basilar, fundamental e universal\u201d e seja aplicado no modo mais extensivo poss\u00edvel, destacou ele.<\/p>\n<h2>Solidariedade internacional n\u00e3o deve cessar<\/h2>\n<p>A Santa S\u00e9 ressalta com insist\u00eancia que a solidariedade internacional n\u00e3o deve cessar e que s\u00e3o necess\u00e1rias \u201cnovas formas de coopera\u00e7\u00e3o, que estimulam os pa\u00edses a se ajudar reciprocamente, fazendo interc\u00e2mbio de informa\u00e7\u00f5es, pessoal t\u00e9cnico e de estrat\u00e9gias espec\u00edficas\u201d, \u201ca fim de que ningu\u00e9m fique para tr\u00e1s\u201d.<\/p>\n<p>Se a solidariedade internacional n\u00e3o crescer, aumentar\u00e3o a indiferen\u00e7a, o isolamento ou a aten\u00e7\u00e3o \u00fanica aos problemas internos, advertiu, por fim, Mons. Chica Arellano.<\/p>\n","protected":false},"excerpt":{"rendered":"<p>A Santa S\u00e9 \u201ctem trabalhado a fim de que o acesso \u00e0 \u00e1gua pot\u00e1vel e segura seja reconhecido como um direito humano basilar, fundamental e universal\u201d e seja aplicado no modo mais extensivo poss\u00edvel, destacou Mons. Chica Arellano no Dia de estudo em Madri (13\/12) sobre o tema &#8220;\u00c1gua, agricultura, alimenta\u00e7\u00e3o&#8221;. Cidade do Vaticano A [&hellip;]<\/p>\n","protected":false},"author":1,"featured_media":46170,"comment_status":"open","ping_status":"closed","sticky":false,"template":"","format":"standard","meta":{"footnotes":""},"categories":[3],"tags":[],"class_list":["post-46163","post","type-post","status-publish","format-standard","has-post-thumbnail","hentry","category-vaticano"],"_links":{"self":[{"href":"https:\/\/catolicanet.net\/wp-cnet\/wp-json\/wp\/v2\/posts\/46163","targetHints":{"allow":["GET"]}}],"collection":[{"href":"https:\/\/catolicanet.net\/wp-cnet\/wp-json\/wp\/v2\/posts"}],"about":[{"href":"https:\/\/catolicanet.net\/wp-cnet\/wp-json\/wp\/v2\/types\/post"}],"author":[{"embeddable":true,"href":"https:\/\/catolicanet.net\/wp-cnet\/wp-json\/wp\/v2\/users\/1"}],"replies":[{"embeddable":true,"href":"https:\/\/catolicanet.net\/wp-cnet\/wp-json\/wp\/v2\/comments?post=46163"}],"version-history":[{"count":1,"href":"https:\/\/catolicanet.net\/wp-cnet\/wp-json\/wp\/v2\/posts\/46163\/revisions"}],"predecessor-version":[{"id":46171,"href":"https:\/\/catolicanet.net\/wp-cnet\/wp-json\/wp\/v2\/posts\/46163\/revisions\/46171"}],"wp:featuredmedia":[{"embeddable":true,"href":"https:\/\/catolicanet.net\/wp-cnet\/wp-json\/wp\/v2\/media\/46170"}],"wp:attachment":[{"href":"https:\/\/catolicanet.net\/wp-cnet\/wp-json\/wp\/v2\/media?parent=46163"}],"wp:term":[{"taxonomy":"category","embeddable":true,"href":"https:\/\/catolicanet.net\/wp-cnet\/wp-json\/wp\/v2\/categories?post=46163"},{"taxonomy":"post_tag","embeddable":true,"href":"https:\/\/catolicanet.net\/wp-cnet\/wp-json\/wp\/v2\/tags?post=46163"}],"curies":[{"name":"wp","href":"https:\/\/api.w.org\/{rel}","templated":true}]}}