{"id":46149,"date":"2018-12-14T08:56:15","date_gmt":"2018-12-14T10:56:15","guid":{"rendered":"http:\/\/catolicanet.net\/wp-cnet\/?p=46149"},"modified":"2018-12-14T09:00:03","modified_gmt":"2018-12-14T11:00:03","slug":"texto-das-novas-dgae-2019-2023-buscara-traduzir-sentimento-da-igreja-no-brasil","status":"publish","type":"post","link":"https:\/\/catolicanet.net\/wp-cnet\/texto-das-novas-dgae-2019-2023-buscara-traduzir-sentimento-da-igreja-no-brasil\/","title":{"rendered":"Texto das novas DGAE 2019\/2023 buscar\u00e1 traduzir \u201csentimento\u201d da Igreja no Brasil"},"content":{"rendered":"<p><img loading=\"lazy\" decoding=\"async\" class=\"size-medium wp-image-46153 alignleft\" src=\"http:\/\/catolicanet.net\/wp-cnet\/wp-content\/uploads\/DGAE-300x203.jpg\" alt=\"\" width=\"300\" height=\"203\" srcset=\"https:\/\/catolicanet.net\/wp-cnet\/wp-content\/uploads\/DGAE-300x203.jpg 300w, https:\/\/catolicanet.net\/wp-cnet\/wp-content\/uploads\/DGAE.jpg 578w\" sizes=\"auto, (max-width: 300px) 100vw, 300px\" \/>A Comiss\u00e3o Especial sobre a atualiza\u00e7\u00e3o das Diretrizes da A\u00e7\u00e3o Evangelizadora da Igreja no Brasil (DGAE) 2019\/2023 se reuniu. dias 13 a 14 de dezembro, na sede da Confer\u00eancia Nacional dos Bispos do Brasil (CNBB), com a miss\u00e3o de avan\u00e7ar na reda\u00e7\u00e3o final do \u201cTexto M\u00e1rtir\u201d a ser enviado ainda em dezembro deste ano ao episcopado brasileiro, a pessoas interessadas, aos organismos e pastorais da Igreja no Brasil.<\/p>\n<p>O chamado \u201cTexto M\u00e1rtir\u201d ser\u00e1 objeto de estudos e acr\u00e9scimos at\u00e9 a pr\u00f3xima da reuni\u00e3o da Comiss\u00e3o marcada para fevereiro de 2019, ocasi\u00e3o na qual produzir\u00e1 uma vers\u00e3o final do texto que ser\u00e1 levado \u00e0 57\u00aa Assembleia Geral dos Bispos do Brasil que acontece em Aparecida (SP), de 1\u00ba a 10 de maio de 2019.<\/p>\n<p>O arcebispo de S\u00e3o Luiz (MA) e presidente do Regional Nordeste 5, dom Jos\u00e9 Belis\u00e1rio da Silva, coordenador dos trabalhos desta comiss\u00e3o, lembra que a atua\u00e7\u00e3o da Igreja no mundo urbano, conforme j\u00e1 amadurecido pelos bispos do Brasil, ser\u00e1 o foco do documento. \u00a0\u201cO texto refor\u00e7a que vivemos uma cultura urbana, com predomin\u00e2ncia no pa\u00eds das grandes cidades\u201d, acentua.<\/p>\n<p><strong>Estrutura do documento<\/strong>\u00a0\u2013 A vers\u00e3o inicial do texto est\u00e1 estruturada em 4 partes. A primeira, que inclui uma introdu\u00e7\u00e3o e o 1\u00ba cap\u00edtulo, busca apontar para qual dire\u00e7\u00e3o a Igreja no Brasil quer caminhar nos pr\u00f3ximos quatro anos. \u201cFundamentalmente, a nossa pergunta \u00e9: como que a nossa Igreja no Brasil agora se coloca diante deste novo momento da realidade brasileira?\u201d, questiona dom Belis\u00e1rio. Nesta parte, inspirado no livro do Apocalipse, o texto afirma que \u201cDeus mora na cidade\u201d.<\/p>\n<div id=\"attachment_198985\" class=\"wp-caption alignleft\">\n<p><img loading=\"lazy\" decoding=\"async\" class=\"wp-image-198985 size-medium\" src=\"http:\/\/www.cnbb.org.br\/wp-content\/uploads\/sites\/32\/2018\/08\/IMG_1913-300x200.jpg\" srcset=\"http:\/\/www.cnbb.org.br\/wp-content\/uploads\/sites\/32\/2018\/08\/IMG_1913-300x200.jpg 300w, http:\/\/www.cnbb.org.br\/wp-content\/uploads\/sites\/32\/2018\/08\/IMG_1913-768x512.jpg 768w, http:\/\/www.cnbb.org.br\/wp-content\/uploads\/sites\/32\/2018\/08\/IMG_1913-1024x683.jpg 1024w\" alt=\"\" width=\"300\" height=\"200\" \/><\/p>\n<p class=\"wp-caption-text\">Dom Belis\u00e1rio coordenador da Comiss\u00e3o. Foto: Assessoria de Imprensa da CNBB\/Daniel Flores<\/p>\n<\/div>\n<p>O 2\u00ba cap\u00edtulo ser\u00e1 composto pelo o olhar que a Igreja faz sobre a cidade, destacado quais s\u00e3o os pontos determinantes na vida urbana. Na sequ\u00eancia, o 3\u00ba capitulo, prop\u00f5e a reflex\u00e3o e o julgar a partir do magist\u00e9rio da Igreja. O 4\u00ba, e \u00faltimo cap\u00edtulo, constitui-se de indicadores que apontam sobre qual que maneira a Igreja no Brasil pode estar presente da melhor maneira poss\u00edvel neste novo mundo urbano.<\/p>\n<p>A atualiza\u00e7\u00e3o do texto das DGAE 2019\/2023 teve in\u00edcio ainda na 56\u00aa Assembleia Geral dos Bispos do Brasil de 2018 quando os bispos apontaram as primeiras sugest\u00f5es ao texto. A atualiza\u00e7\u00e3o das diretrizes tamb\u00e9m foi tema de discuss\u00e3o em duas reuni\u00f5es do Conselho Permanente da CNBB em 2018, em junho e novembro. A comiss\u00e3o, especialmente montada para esta tarefa, se reuniu dia 14 de agosto deste ano para avan\u00e7ar no texto. Esta \u00e9 a segunda reuni\u00e3o da equipe. \u201cA comiss\u00e3o foi escolhida um pouco tardiamente, mas mesmo assim nosso trabalho est\u00e1 indo muito bem\u201d, concluiu dom Belis\u00e1rio.<\/p>\n<p>&nbsp;<\/p>\n","protected":false},"excerpt":{"rendered":"<p>A Comiss\u00e3o Especial sobre a atualiza\u00e7\u00e3o das Diretrizes da A\u00e7\u00e3o Evangelizadora da Igreja no Brasil (DGAE) 2019\/2023 se reuniu. dias 13 a 14 de dezembro, na sede da Confer\u00eancia Nacional dos Bispos do Brasil (CNBB), com a miss\u00e3o de avan\u00e7ar na reda\u00e7\u00e3o final do \u201cTexto M\u00e1rtir\u201d a ser enviado ainda em dezembro deste ano ao [&hellip;]<\/p>\n","protected":false},"author":1,"featured_media":46150,"comment_status":"open","ping_status":"closed","sticky":false,"template":"","format":"standard","meta":{"footnotes":""},"categories":[7],"tags":[],"class_list":["post-46149","post","type-post","status-publish","format-standard","has-post-thumbnail","hentry","category-cnbb"],"_links":{"self":[{"href":"https:\/\/catolicanet.net\/wp-cnet\/wp-json\/wp\/v2\/posts\/46149","targetHints":{"allow":["GET"]}}],"collection":[{"href":"https:\/\/catolicanet.net\/wp-cnet\/wp-json\/wp\/v2\/posts"}],"about":[{"href":"https:\/\/catolicanet.net\/wp-cnet\/wp-json\/wp\/v2\/types\/post"}],"author":[{"embeddable":true,"href":"https:\/\/catolicanet.net\/wp-cnet\/wp-json\/wp\/v2\/users\/1"}],"replies":[{"embeddable":true,"href":"https:\/\/catolicanet.net\/wp-cnet\/wp-json\/wp\/v2\/comments?post=46149"}],"version-history":[{"count":3,"href":"https:\/\/catolicanet.net\/wp-cnet\/wp-json\/wp\/v2\/posts\/46149\/revisions"}],"predecessor-version":[{"id":46155,"href":"https:\/\/catolicanet.net\/wp-cnet\/wp-json\/wp\/v2\/posts\/46149\/revisions\/46155"}],"wp:featuredmedia":[{"embeddable":true,"href":"https:\/\/catolicanet.net\/wp-cnet\/wp-json\/wp\/v2\/media\/46150"}],"wp:attachment":[{"href":"https:\/\/catolicanet.net\/wp-cnet\/wp-json\/wp\/v2\/media?parent=46149"}],"wp:term":[{"taxonomy":"category","embeddable":true,"href":"https:\/\/catolicanet.net\/wp-cnet\/wp-json\/wp\/v2\/categories?post=46149"},{"taxonomy":"post_tag","embeddable":true,"href":"https:\/\/catolicanet.net\/wp-cnet\/wp-json\/wp\/v2\/tags?post=46149"}],"curies":[{"name":"wp","href":"https:\/\/api.w.org\/{rel}","templated":true}]}}