{"id":4613,"date":"2014-05-19T13:53:36","date_gmt":"2014-05-19T16:53:36","guid":{"rendered":"http:\/\/catolicanet.net\/wp-cnet\/viva-um-dia-de-cada-vez\/"},"modified":"2017-04-05T15:33:49","modified_gmt":"2017-04-05T18:33:49","slug":"viva-um-dia-de-cada-vez","status":"publish","type":"post","link":"https:\/\/catolicanet.net\/wp-cnet\/viva-um-dia-de-cada-vez\/","title":{"rendered":"Viva um dia de cada vez"},"content":{"rendered":"<p style=\"text-align: justify;\">\n<p><strong>&#8220;Qualquer que seja a preocupa\u00e7\u00e3o que voc\u00ea possa ter com o futuro: desemprego, cuidados dos filhos, doen\u00e7a\u2026, deixe tudo nas m\u00e3os de Deus&#8221;<\/strong><\/p>\n<p><img decoding=\"async\" src=\"http:\/\/catolicanet.com.br\/images\/stories\/pecrianca.jpg\" border=\"0\" align=\"left\" \/>Voc\u00ea pode carregar o peso do seu dia de hoje, porque Deus lhe d\u00e1 for\u00e7as para isso, mas n\u00e3o pode somar a isto o peso de ontem e o de amanh\u00e3.<\/p>\n<p>Jesus ensinou isto bem claro: \u201cN\u00e3o vos preocupeis pois com o dia de amanh\u00e3: o dia de amanh\u00e3 ter\u00e1 as suas pr\u00f3prias preocupa\u00e7\u00f5es. A cada dia basta o seu cuidado.\u201d (Mt 6,34)<\/p>\n<p>Qualquer que seja a preocupa\u00e7\u00e3o que voc\u00ea possa ter com o futuro: desemprego, cuidados dos filhos, doen\u00e7a\u2026, deixe tudo nas m\u00e3os de Deus, e aceite o que Ele permitir que aconte\u00e7a. Fa\u00e7a hoje a sua parte e \u201cseja feita a vontade de Deus\u201d. Viva o presente, em Deus. \u201cO Senhor est\u00e1 perto.\u201d<\/p>\n<p>Lembre-se, Deus n\u00e3o toma a for\u00e7a o peso das suas preocupa\u00e7\u00f5es, Ele caminha a seu lado, discreto e paciente, esperando que voc\u00ea o chame e lhe entregue as preocupa\u00e7\u00f5es e tribula\u00e7\u00f5es do dia.<\/p>\n<p>Portanto, \u00e9 preciso voc\u00ea estar sintonizado com Deus o dia todo; da\u00ed a import\u00e2ncia de voc\u00ea rezar sempre, de manh\u00e3, de tarde, de noite, no carro, na rua, na caminhada. O Senhor ressuscitado est\u00e1 perto, mas nos esquecemos disso e ficamos lutando sozinhos\u2026<\/p>\n<p>Habitue-se a falar com Ele, o tempo todo, nas horas boas e m\u00e1s, tome consci\u00eancia profunda da sua Presen\u00e7a e lhe entregue tudo a todo momento. Aquele trabalho dif\u00edcil a fazer o inquieta, entregue-o ao Senhor, voc\u00ea ver\u00e1 que ser\u00e1 mais f\u00e1cil. Se \u00e9 o medo que o angustia, entregue-o a Deus, e descanse nele. Se \u00e9 uma perda irrepar\u00e1vel\u2026 entregue-lhe o que foi perdido. S\u00f3 assim ser\u00e1 poss\u00edvel a paz. Aprenda a entregar tudo a Deus e aceitar o que Ele permitiu que acontecesse. Isto \u00e9 um aprendizado lento, longo e que requer perseveran\u00e7a, mas valioso. A cada dia aceite morrer para as preocupa\u00e7\u00f5es, ang\u00fastias, medos e prova\u00e7\u00f5es. Repita mil vezes com o salmista:<\/p>\n<p>\u201cNas tuas m\u00e3os, Senhor, est\u00e1 o meu destino.\u201d (Sl 30,16)<\/p>\n<p>\u201c\u00d3 Alt\u00edssimo, quando o terror me assalta, \u00e9 em V\u00f3s que eu ponho a minha confian\u00e7a.\u201d (Sl 53,4)<\/p>\n<p>\u201c\u00c9 em Deus que eu ponho a minha esperan\u00e7a; nada temo.\u201d(Sl 55,12)<\/p>\n<p>\u201cAbrigo-me \u00e0 sombra de vossas asas, at\u00e9 que a tormenta passe.\u201d(Sl 56,2)<\/p>\n<p>Repita esses Salmos muitas vezes, e muitos outros, especialmente nas horas em que a sua f\u00e9 balan\u00e7ar. Recoloque o leme da sua vida nas m\u00e3os de Deus, a cada dia, e \u201cviva um dia de cada vez\u201d. N\u00e3o pense no dia de amanh\u00e3 porque voc\u00ea n\u00e3o ter\u00e1 energias para isto. Se houver tempestades no meio do caminho, n\u00e3o se assuste e nem se desespere.<\/p>\n<p>No final da tempestade voc\u00ea ver\u00e1 que n\u00e3o houve um retrocesso e nem tempo perdido, mas uma rica experi\u00eancia que voc\u00ea viveu, e que o far\u00e1 mais forte, mais sereno e contente diante da vida. Perceber\u00e1 que venceu um pouco mais os desejos ego\u00edstas e a sensa\u00e7\u00e3o de inseguran\u00e7a que costumava oprimir voc\u00ea. \u00c9 na luta que o combatente se torna mais forte.<\/p>\n<p>Aos poucos voc\u00ea vai aprendendo, na luta da vida, dia ap\u00f3s dia, que a sua seguran\u00e7a depende exclusivamente de Deus e n\u00e3o de voc\u00ea, nem de seus bens, nem de sua cultura, nem do seu poder ou de sua influ\u00eancia.<\/p>\n<p>Prof. Felipe Aquino<\/p>\n<p style=\"text-align: justify;\">Fonte: Aleteia<\/p>\n","protected":false},"excerpt":{"rendered":"<p>&#8220;Qualquer que seja a preocupa\u00e7\u00e3o que voc\u00ea possa ter com o futuro: desemprego, cuidados dos filhos, doen\u00e7a\u2026, deixe tudo nas m\u00e3os de Deus&#8221; Voc\u00ea pode carregar o peso do seu dia de hoje, porque Deus lhe d\u00e1 for\u00e7as para isso, mas n\u00e3o pode somar a isto o peso de ontem e o de amanh\u00e3. Jesus [&hellip;]<\/p>\n","protected":false},"author":1,"featured_media":0,"comment_status":"closed","ping_status":"closed","sticky":false,"template":"","format":"standard","meta":{"footnotes":""},"categories":[4],"tags":[],"class_list":["post-4613","post","type-post","status-publish","format-standard","hentry","category-cotidiano"],"_links":{"self":[{"href":"https:\/\/catolicanet.net\/wp-cnet\/wp-json\/wp\/v2\/posts\/4613","targetHints":{"allow":["GET"]}}],"collection":[{"href":"https:\/\/catolicanet.net\/wp-cnet\/wp-json\/wp\/v2\/posts"}],"about":[{"href":"https:\/\/catolicanet.net\/wp-cnet\/wp-json\/wp\/v2\/types\/post"}],"author":[{"embeddable":true,"href":"https:\/\/catolicanet.net\/wp-cnet\/wp-json\/wp\/v2\/users\/1"}],"replies":[{"embeddable":true,"href":"https:\/\/catolicanet.net\/wp-cnet\/wp-json\/wp\/v2\/comments?post=4613"}],"version-history":[{"count":1,"href":"https:\/\/catolicanet.net\/wp-cnet\/wp-json\/wp\/v2\/posts\/4613\/revisions"}],"predecessor-version":[{"id":9584,"href":"https:\/\/catolicanet.net\/wp-cnet\/wp-json\/wp\/v2\/posts\/4613\/revisions\/9584"}],"wp:attachment":[{"href":"https:\/\/catolicanet.net\/wp-cnet\/wp-json\/wp\/v2\/media?parent=4613"}],"wp:term":[{"taxonomy":"category","embeddable":true,"href":"https:\/\/catolicanet.net\/wp-cnet\/wp-json\/wp\/v2\/categories?post=4613"},{"taxonomy":"post_tag","embeddable":true,"href":"https:\/\/catolicanet.net\/wp-cnet\/wp-json\/wp\/v2\/tags?post=4613"}],"curies":[{"name":"wp","href":"https:\/\/api.w.org\/{rel}","templated":true}]}}