{"id":46109,"date":"2018-12-13T08:00:13","date_gmt":"2018-12-13T10:00:13","guid":{"rendered":"http:\/\/catolicanet.net\/wp-cnet\/?p=46109"},"modified":"2018-12-12T15:47:52","modified_gmt":"2018-12-12T17:47:52","slug":"46109-2","status":"publish","type":"post","link":"https:\/\/catolicanet.net\/wp-cnet\/46109-2\/","title":{"rendered":"Evangelizar partindo de Cristo"},"content":{"rendered":"<p>Todos os anos a Igreja no Brasil nos convida ao testemunho da caridade evang\u00e9lica atrav\u00e9s da nossa a\u00e7\u00e3o em favor da evangeliza\u00e7\u00e3o. \u00c9 a Campanha para a Evangeliza\u00e7\u00e3o, que transcorre neste tempo do Advento em que celebramos toda a expectativa de viver o mist\u00e9rio da encarna\u00e7\u00e3o. Na Quaresma temos a Campanha da Fraternidade que \u00e9 para os trabalhos e projetos sociais, diferente desta do advento voltada para miss\u00e3o evangelizadora da Igreja.<\/p>\n<p>Esta Campanha para Evangeliza\u00e7\u00e3o foi aprovada pelos bispos em 1997, por ocasi\u00e3o da Assembleia Geral dos Bispos do Brasil. No ano seguinte ela foi implantada como um gesto concreto das comunidades eclesiais como express\u00e3o de caridade e solidariedade fraterna das Igrejas. Nos \u00faltimos anos o tema tem sido a urg\u00eancia da evangeliza\u00e7\u00e3o: Evangeli-j\u00e1. Neste ano ela nos prop\u00f5e como lema para nossa reflex\u00e3o: \u201cEvangelizar partindo de Cristo\u201d.<\/p>\n<p>Esta Campanha \u00e9 uma a\u00e7\u00e3o do povo de Deus e tem como objetivo incentivar uma viv\u00eancia mais concreta do tempo lit\u00fargico do Advento, empenhar ainda mais nossa vida na miss\u00e3o evangelizadora e motivar a todos para uma Coleta Nacional para a evangeliza\u00e7\u00e3o (que ocorre no terceiro domingo do Advento \u2013 Gaudete) que ofere\u00e7a recursos a serem aplicados na sustenta\u00e7\u00e3o do trabalho evangelizador da Igreja no Brasil. \u00a0Esta iniciativa possibilita ao povo de Deus contribuir com a pr\u00f3pria Diocese, Regional da CNBB e para a pr\u00f3pria Confer\u00eancia Episcopal e com os projetos evangelizadores que chegam at\u00e9 a comiss\u00e3o.<\/p>\n<p>A Coleta para a Evangeliza\u00e7\u00e3o \u00e9 um gesto solid\u00e1rio e fraterno, ela desperta um sentimento de amor e solidariedade no cora\u00e7\u00e3o dos disc\u00edpulos e mission\u00e1rios para a pr\u00e1tica da evangeliza\u00e7\u00e3o. Assim os que dela participa, contribui com a responsabilidade da Igreja de assistir as atividades pastorais nas Dioceses. Este um belo gesto concreto do advento neste tempo de expectativa e esperan\u00e7a.<\/p>\n<p>Esta Campanha \u00e9 um ato de amor ao pr\u00f3ximo, nasce da f\u00e9 em Jesus Cristo, \u00e0 luz do evangelho das bem-aventuran\u00e7as, que tamb\u00e9m favorece a viv\u00eancia do tempo do Advento. Estes recursos s\u00e3o utilizados para a sustenta\u00e7\u00e3o do trabalho mission\u00e1rio da Igreja. Esta Campanha para a Evangeliza\u00e7\u00e3o acontece em comunh\u00e3o com a Exorta\u00e7\u00e3o Apost\u00f3lica do Papa Francisco: <strong><em>Gaudete et Exsultate,<\/em><\/strong> sobre o chamado \u00e0 santidade no mundo atual, com o lema \u201cEvangelizar partindo de Cristo\u201d.<\/p>\n<p>Este ano com a coleta, a M\u00e3e Igreja pretende implementar e aprimorar as in\u00fameras iniciativas no servi\u00e7o da evangeliza\u00e7\u00e3o, pela dinamiza\u00e7\u00e3o das pastorais, na luta pela justi\u00e7a social, nas experi\u00eancias mission\u00e1rias das Igrejas irm\u00e3s e na miss\u00e3o <strong><em>ad gentes<\/em><\/strong>, um caminho de fraternidade testemunho e comunh\u00e3o.<\/p>\n<p>Somos chamados a manifestar nosso amor solid\u00e1rio e fraterno aos irm\u00e3os e irm\u00e3s. \u00c9 verdade que a manifesta\u00e7\u00e3o hist\u00f3rica do amor de Deus n\u00e3o termina no testemunho dos fi\u00e9is batizados individuais, mas encontra a sua forma mais completa e eficaz na comunidade crist\u00e3 dentro do qual o fiel vive em fidelidade ao Evangelho das bem-aventuran\u00e7as.<\/p>\n<p>N\u00e3o \u00e9 por acaso que o caminho da Igreja no Brasil nos \u00faltimos anos tem demonstrado um convite cont\u00ednuo aos fi\u00e9is a fim de projetar sua a\u00e7\u00e3o pastoral a luz do evangelho da caridade, o objetivo \u00e9 apontar caminhos de esperan\u00e7a e solidariedade para que as comunidades possam \u201canunciar\u201d, \u201ccelebrar\u201d e \u201ctestemunhar a Evangelho da caridade\u201d. O testemunho concreto que articula a a\u00e7\u00e3o pastoral, junto aos negligenciados ou marginalizados no contexto da vida comunit\u00e1ria \u00e9 precisamente o \u201ctestemunho de caridade\u201d.<\/p>\n<p>Por conseguinte, \u00e9 necess\u00e1rio perguntar-se antes de tudo sobre a natureza e a identidade da caridade crist\u00e3, bem como sobre as consequ\u00eancias para a natureza e a miss\u00e3o das comunidades eclesiais. Vamos concretamente dar uma resposta a estas necessidades.<\/p>\n<p>Fica claro que o ponto de partida de todo discurso sobre a caridade \u00e9 Jesus, o Crucificado-ressuscitado. Jesus permanece como o \u201clugar teol\u00f3gico\u201d por excel\u00eancia, no qual a Igreja aprende a saber o que \u00e9 \u201ccaridade\u201d (\u00e1gape). De fato, o termo \u201ccaridade \/ \u00e1gape\u201d se oferece como um termo sint\u00e9tico para descrever e anunciar a totalidade da a\u00e7\u00e3o de Cristo.<\/p>\n<p>Jesus Cristo \u00e9 a descri\u00e7\u00e3o mais completa, a insuper\u00e1vel Palavra do amor de Deus, e toda a sua vida \u00e9 marcada pelo amor, pelo \u201cmaior\u201d amor. Ele \u00e9 a par\u00e1bola do amor de Deus, ele \u00e9 quem narra o amor de Deus pelos homens.<\/p>\n<p>Esta \u201cnova evangeliza\u00e7\u00e3o\u201d, dirigida n\u00e3o s\u00f3 aos indiv\u00edduos, mas tamb\u00e9m para popula\u00e7\u00f5es inteiras em suas situa\u00e7\u00f5es diversas, ambientes e culturas, destina-se \u00e0 forma\u00e7\u00e3o de \u201ccomunidades eclesiais maduras\u201d, em que a f\u00e9 pode irradiar e cumprir o original b\u00e1sico significado da ades\u00e3o \u00e0 pessoa de Jesus Cristo e do seu Evangelho, do encontro sacramental com ele e da vida vivida na caridade e no servi\u00e7o.<\/p>\n<p>A Miss\u00e3o evangelizadora \u00e9 uma exig\u00eancia batismal, com esta campanha, a Igreja convida todos os fi\u00e9is a participarem na sua obra redentora e evangelizadora. A Campanha Mission\u00e1ria para a Evangeliza\u00e7\u00e3o significa a abertura de um caminho de esperan\u00e7a e caridade para despertar a solidariedade de todos os fi\u00e9is cat\u00f3licos na promo\u00e7\u00e3o e defesa da vida, especialmente das vidas amea\u00e7adas pela crueldade da viol\u00eancia e exclus\u00e3o que fere e mata a vida humana.<\/p>\n<p>Neste sentido a coleta da evangeliza\u00e7\u00e3o ser\u00e1, a colheita dos frutos amadurecidos no Advento a serem colocados em comum e a servi\u00e7o da Evangeliza\u00e7\u00e3o na Igreja no Brasil. \u00a0\u00c9 com esse esp\u00edrito de solidariedade e fraternidade que a Igreja segue testemunhando a sua miss\u00e3o evangelizadora, por isso os recursos arrecadados por essa campanha s\u00e3o repartidos desta forma:\u00a0 35% para a evangeliza\u00e7\u00e3o da CNBB nacional e projetos que chegam de v\u00e1rias partes do Brasil; 20% para a evangeliza\u00e7\u00e3o da CNBB regional; 45% para a evangeliza\u00e7\u00e3o na pr\u00f3pria diocese.<\/p>\n<p>Fa\u00e7o um apelo veemente a todos os p\u00e1rocos e vig\u00e1rios paroquiais que nas missas deste final de semana relembrem ao povo santo de Deus da import\u00e2ncia desta coleta e da generosidade em favor dos projetos da a\u00e7\u00e3o evangelizadora na Igreja no Brasil, no Regional Leste 1 (que engloba todas as Arquidioceses, Dioceses e Administra\u00e7\u00e3o Pessoal do Estado do Rio de Janeiro) e em nossa Arquidiocese.<\/p>\n<p>Que o Senhor nos ajude a vivermos uma boa Campanha para Evangeliza\u00e7\u00e3o com as b\u00ean\u00e7\u00e3os de Deus e a prote\u00e7\u00e3o de Nossa Senhora Aparecida, M\u00e3e e Companheira fiel na caminhada de f\u00e9 Esperan\u00e7a e caridade.<\/p>\n","protected":false},"excerpt":{"rendered":"<p>Todos os anos a Igreja no Brasil nos convida ao testemunho da caridade evang\u00e9lica atrav\u00e9s da nossa a\u00e7\u00e3o em favor da evangeliza\u00e7\u00e3o. \u00c9 a Campanha para a Evangeliza\u00e7\u00e3o, que transcorre neste tempo do Advento em que celebramos toda a expectativa de viver o mist\u00e9rio da encarna\u00e7\u00e3o. Na Quaresma temos a Campanha da Fraternidade que \u00e9 [&hellip;]<\/p>\n","protected":false},"author":5,"featured_media":32777,"comment_status":"open","ping_status":"closed","sticky":false,"template":"","format":"standard","meta":{"footnotes":""},"categories":[9],"tags":[],"class_list":["post-46109","post","type-post","status-publish","format-standard","has-post-thumbnail","hentry","category-artigos"],"_links":{"self":[{"href":"https:\/\/catolicanet.net\/wp-cnet\/wp-json\/wp\/v2\/posts\/46109","targetHints":{"allow":["GET"]}}],"collection":[{"href":"https:\/\/catolicanet.net\/wp-cnet\/wp-json\/wp\/v2\/posts"}],"about":[{"href":"https:\/\/catolicanet.net\/wp-cnet\/wp-json\/wp\/v2\/types\/post"}],"author":[{"embeddable":true,"href":"https:\/\/catolicanet.net\/wp-cnet\/wp-json\/wp\/v2\/users\/5"}],"replies":[{"embeddable":true,"href":"https:\/\/catolicanet.net\/wp-cnet\/wp-json\/wp\/v2\/comments?post=46109"}],"version-history":[{"count":3,"href":"https:\/\/catolicanet.net\/wp-cnet\/wp-json\/wp\/v2\/posts\/46109\/revisions"}],"predecessor-version":[{"id":46112,"href":"https:\/\/catolicanet.net\/wp-cnet\/wp-json\/wp\/v2\/posts\/46109\/revisions\/46112"}],"wp:featuredmedia":[{"embeddable":true,"href":"https:\/\/catolicanet.net\/wp-cnet\/wp-json\/wp\/v2\/media\/32777"}],"wp:attachment":[{"href":"https:\/\/catolicanet.net\/wp-cnet\/wp-json\/wp\/v2\/media?parent=46109"}],"wp:term":[{"taxonomy":"category","embeddable":true,"href":"https:\/\/catolicanet.net\/wp-cnet\/wp-json\/wp\/v2\/categories?post=46109"},{"taxonomy":"post_tag","embeddable":true,"href":"https:\/\/catolicanet.net\/wp-cnet\/wp-json\/wp\/v2\/tags?post=46109"}],"curies":[{"name":"wp","href":"https:\/\/api.w.org\/{rel}","templated":true}]}}