{"id":46092,"date":"2018-12-12T14:11:47","date_gmt":"2018-12-12T16:11:47","guid":{"rendered":"http:\/\/catolicanet.net\/wp-cnet\/?p=46092"},"modified":"2018-12-12T14:15:09","modified_gmt":"2018-12-12T16:15:09","slug":"programa-da-viagem-apostolica-do-papa-aos-emirados-arabes-unidos","status":"publish","type":"post","link":"https:\/\/catolicanet.net\/wp-cnet\/programa-da-viagem-apostolica-do-papa-aos-emirados-arabes-unidos\/","title":{"rendered":"Programa da viagem apost\u00f3lica do Papa aos Emirados \u00c1rabes Unidos"},"content":{"rendered":"<div class=\"article__subTitle\">O programa oficial da visita de Francisco foi divulgado pela Sala de Imprensa da Santa S\u00e9, nesta quarta-feira.<\/div>\n<div class=\"title__separator\"><\/div>\n<div class=\"article__text\">\n<p><b>Cidade do Vaticano<\/b><\/p>\n<p>Foi divulgado, nesta quarta-feira (12\/12), pela Sala de Imprensa da Santa S\u00e9, o programa da viagem apost\u00f3lica do Papa Francisco aos Emirados \u00c1rabes Unidos, de 3 a 5 de fevereiro de 2019.<\/p>\n<p>No domingo, 3 de fevereiro, Francisco partir\u00e1 \u00e0s 13h do aeroporto romano de Fiumicino para Abu Dhabi, capital dos Emirados \u00c1rabes Unidos. A chegada ao aeroporto presidencial de Abu Dhabi est\u00e1 prevista para \u00e0s 22h.<\/p>\n<p>Na segunda-feira, 4 de fevereiro, ao meio-dia, se realizar\u00e1 a cerim\u00f4nia de boas-vindas na entrada do Pal\u00e1cio Presidencial, seguida da visita oficial ao pr\u00edncipe herdeiro no Pal\u00e1cio Presidencial.<\/p>\n<p>\u00c0s 17h, o encontro privado com os membros do Conselho Mu\u00e7ulmano de Anci\u00e3os (Muslim Council of Elders) na Grande Mesquita do xeique Zayed. \u00c0s 18h10, o encontro inter-religioso no Founder\u2019s Memorial (Memorial do Fundador), onde o Papa proferir\u00e1 um discurso.<\/p>\n<p>Na ter\u00e7a-feira, 5 de fevereiro, \u00e0s 9h15, o Papa visitar\u00e1 a Catedral de Abu Dhabi. \u00c0s 10h30, celebrar\u00e1 a missa no Zayed Sports City e far\u00e1 a homilia.<\/p>\n<p>Ao meio-dia e quarenta, est\u00e1 prevista a cerim\u00f4nia de despedida no aeroporto presidencial de Abu Dhabi, e \u00e0s 13h o Pont\u00edfice partir\u00e1 para Roma onde chegar\u00e1 por volta das 17h ao aeroporto de Ciampino.<\/p>\n<\/div>\n","protected":false},"excerpt":{"rendered":"<p>O programa oficial da visita de Francisco foi divulgado pela Sala de Imprensa da Santa S\u00e9, nesta quarta-feira. Cidade do Vaticano Foi divulgado, nesta quarta-feira (12\/12), pela Sala de Imprensa da Santa S\u00e9, o programa da viagem apost\u00f3lica do Papa Francisco aos Emirados \u00c1rabes Unidos, de 3 a 5 de fevereiro de 2019. No domingo, [&hellip;]<\/p>\n","protected":false},"author":1,"featured_media":46096,"comment_status":"open","ping_status":"closed","sticky":false,"template":"","format":"standard","meta":{"footnotes":""},"categories":[13],"tags":[],"class_list":["post-46092","post","type-post","status-publish","format-standard","has-post-thumbnail","hentry","category-featured"],"_links":{"self":[{"href":"https:\/\/catolicanet.net\/wp-cnet\/wp-json\/wp\/v2\/posts\/46092","targetHints":{"allow":["GET"]}}],"collection":[{"href":"https:\/\/catolicanet.net\/wp-cnet\/wp-json\/wp\/v2\/posts"}],"about":[{"href":"https:\/\/catolicanet.net\/wp-cnet\/wp-json\/wp\/v2\/types\/post"}],"author":[{"embeddable":true,"href":"https:\/\/catolicanet.net\/wp-cnet\/wp-json\/wp\/v2\/users\/1"}],"replies":[{"embeddable":true,"href":"https:\/\/catolicanet.net\/wp-cnet\/wp-json\/wp\/v2\/comments?post=46092"}],"version-history":[{"count":1,"href":"https:\/\/catolicanet.net\/wp-cnet\/wp-json\/wp\/v2\/posts\/46092\/revisions"}],"predecessor-version":[{"id":46095,"href":"https:\/\/catolicanet.net\/wp-cnet\/wp-json\/wp\/v2\/posts\/46092\/revisions\/46095"}],"wp:featuredmedia":[{"embeddable":true,"href":"https:\/\/catolicanet.net\/wp-cnet\/wp-json\/wp\/v2\/media\/46096"}],"wp:attachment":[{"href":"https:\/\/catolicanet.net\/wp-cnet\/wp-json\/wp\/v2\/media?parent=46092"}],"wp:term":[{"taxonomy":"category","embeddable":true,"href":"https:\/\/catolicanet.net\/wp-cnet\/wp-json\/wp\/v2\/categories?post=46092"},{"taxonomy":"post_tag","embeddable":true,"href":"https:\/\/catolicanet.net\/wp-cnet\/wp-json\/wp\/v2\/tags?post=46092"}],"curies":[{"name":"wp","href":"https:\/\/api.w.org\/{rel}","templated":true}]}}