{"id":46074,"date":"2018-12-12T09:40:27","date_gmt":"2018-12-12T11:40:27","guid":{"rendered":"http:\/\/catolicanet.net\/wp-cnet\/?p=46074"},"modified":"2018-12-12T09:40:27","modified_gmt":"2018-12-12T11:40:27","slug":"cnbb-apoia-projeto-da-anec-para-fortalecer-as-redes-catolicas-de-educacao-no-pais","status":"publish","type":"post","link":"https:\/\/catolicanet.net\/wp-cnet\/cnbb-apoia-projeto-da-anec-para-fortalecer-as-redes-catolicas-de-educacao-no-pais\/","title":{"rendered":"CNBB apoia projeto da ANEC para fortalecer as Redes Cat\u00f3licas de Educa\u00e7\u00e3o no pa\u00eds"},"content":{"rendered":"<p>A Confer\u00eancia Nacional dos Bispos do Brasil (CNBB) juntamente com a Confer\u00eancia dos Religiosos do Brasil (CRB) est\u00e1 dialogando com a Associa\u00e7\u00e3o Nacional de Educa\u00e7\u00e3o Cat\u00f3lica do Brasil (ANEC) para a cria\u00e7\u00e3o do projeto \u201cRedes em Rede \u2013 juntos pela Educa\u00e7\u00e3o Cat\u00f3lica\u201d que tem como finalidade o fortalecimento da Educa\u00e7\u00e3o Cat\u00f3lica e suas diversas redes cat\u00f3licas de ensino no Brasil.<\/p>\n<div id=\"attachment_201865\" class=\"wp-caption alignleft\"><img loading=\"lazy\" decoding=\"async\" class=\"wp-image-201865 \" src=\"http:\/\/www.cnbb.org.br\/wp-content\/uploads\/sites\/32\/2018\/10\/Dom-leonardo3-682x430-300x189.png\" srcset=\"http:\/\/www.cnbb.org.br\/wp-content\/uploads\/sites\/32\/2018\/10\/Dom-leonardo3-682x430-300x189.png 300w, http:\/\/www.cnbb.org.br\/wp-content\/uploads\/sites\/32\/2018\/10\/Dom-leonardo3-682x430.png 682w\" alt=\"\" width=\"286\" height=\"180\" \/><\/p>\n<p class=\"wp-caption-text\"><em>Dom Leonardo Steiner. Foto: CNBB<\/em><\/p>\n<\/div>\n<p><em><strong>\u201c<\/strong>A miss\u00e3o da escola cat\u00f3lica \u00e9 evangelizar. Significa anunciar aquelas verdades que Jesus nos trouxe: o bem, a verdade, a fraternidade, a coniv\u00eancia, a solidariedade, o amor\u201d, <\/em>destaca o bispo auxiliar de Bras\u00edlia (DF) e secret\u00e1rio geral da CNBB, dom Leonardo Steiner<em><b>.<\/b><\/em><\/p>\n<p>A crise no Brasil afetou diversos seguimentos da sociedade e as escolas cat\u00f3licas tamb\u00e9m sentiram esse impacto. Da\u00ed surgiu o \u201cRedes em Rede \u2013 juntos pela Educa\u00e7\u00e3o Cat\u00f3lica\u201d.<\/p>\n<p><em><strong>\u201c<\/strong>O projeto surgiu a partir da an\u00e1lise do cen\u00e1rio educacional atual, que demonstra a necessidade de um trabalho e a\u00e7\u00e3o coletiva das Institui\u00e7\u00f5es Cat\u00f3licas neste \u00e2mbito e nos outros diversos temas que perpassam a Igreja Cat\u00f3lica, com a perspectiva de uma a\u00e7\u00e3o a partir do Evangelho\u201d, <\/em>explica o secret\u00e1rio executivo da ANEC, James Pinheiro dos Santos<strong>.<\/strong><\/p>\n<p>Atualmente, a entidade representa cerca de 430 mantenedoras, 2 mil escolas, 130 institui\u00e7\u00f5es de ensino superior e 100 obras sociais, totalizando 2,5 milh\u00f5es de alunos e aproximadamente 100 mil professores e funcion\u00e1rios representados. Essa frente pode dar ao projeto Redes em Rede um corpo s\u00f3lido seja no fortalecimento das institui\u00e7\u00f5es nos cen\u00e1rios educacional, social, eclesial e cultural, seja na fortifica\u00e7\u00e3o das redes j\u00e1 existentes e das pequenas Institui\u00e7\u00f5es.<\/p>\n<p>Para dom Leonardo, as escolas cat\u00f3licas para poderem realizar plenamente a miss\u00e3o n\u00e3o podem fazer de forma isolada, mas servir como Igreja.<\/p>\n<p><em>\u201cH\u00e1 a necessidade de trabalhar em rede. Esse apoio m\u00fatuo seja na administra\u00e7\u00e3o, seja elabora\u00e7\u00e3o de material did\u00e1tico, na ajuda m\u00fatua para podermos ser presen\u00e7a evangelizadora na sociedade brasileira\u201d, <\/em>finaliza<em>.<\/em><\/p>\n<p>A exposi\u00e7\u00e3o do projeto ser\u00e1 feita na reuni\u00e3o do Conselho Permanente da CNBB, em mar\u00e7o de 2019.<\/p>\n","protected":false},"excerpt":{"rendered":"<p>A Confer\u00eancia Nacional dos Bispos do Brasil (CNBB) juntamente com a Confer\u00eancia dos Religiosos do Brasil (CRB) est\u00e1 dialogando com a Associa\u00e7\u00e3o Nacional de Educa\u00e7\u00e3o Cat\u00f3lica do Brasil (ANEC) para a cria\u00e7\u00e3o do projeto \u201cRedes em Rede \u2013 juntos pela Educa\u00e7\u00e3o Cat\u00f3lica\u201d que tem como finalidade o fortalecimento da Educa\u00e7\u00e3o Cat\u00f3lica e suas diversas redes [&hellip;]<\/p>\n","protected":false},"author":1,"featured_media":46075,"comment_status":"open","ping_status":"closed","sticky":false,"template":"","format":"standard","meta":{"footnotes":""},"categories":[7],"tags":[],"class_list":["post-46074","post","type-post","status-publish","format-standard","has-post-thumbnail","hentry","category-cnbb"],"_links":{"self":[{"href":"https:\/\/catolicanet.net\/wp-cnet\/wp-json\/wp\/v2\/posts\/46074","targetHints":{"allow":["GET"]}}],"collection":[{"href":"https:\/\/catolicanet.net\/wp-cnet\/wp-json\/wp\/v2\/posts"}],"about":[{"href":"https:\/\/catolicanet.net\/wp-cnet\/wp-json\/wp\/v2\/types\/post"}],"author":[{"embeddable":true,"href":"https:\/\/catolicanet.net\/wp-cnet\/wp-json\/wp\/v2\/users\/1"}],"replies":[{"embeddable":true,"href":"https:\/\/catolicanet.net\/wp-cnet\/wp-json\/wp\/v2\/comments?post=46074"}],"version-history":[{"count":1,"href":"https:\/\/catolicanet.net\/wp-cnet\/wp-json\/wp\/v2\/posts\/46074\/revisions"}],"predecessor-version":[{"id":46076,"href":"https:\/\/catolicanet.net\/wp-cnet\/wp-json\/wp\/v2\/posts\/46074\/revisions\/46076"}],"wp:featuredmedia":[{"embeddable":true,"href":"https:\/\/catolicanet.net\/wp-cnet\/wp-json\/wp\/v2\/media\/46075"}],"wp:attachment":[{"href":"https:\/\/catolicanet.net\/wp-cnet\/wp-json\/wp\/v2\/media?parent=46074"}],"wp:term":[{"taxonomy":"category","embeddable":true,"href":"https:\/\/catolicanet.net\/wp-cnet\/wp-json\/wp\/v2\/categories?post=46074"},{"taxonomy":"post_tag","embeddable":true,"href":"https:\/\/catolicanet.net\/wp-cnet\/wp-json\/wp\/v2\/tags?post=46074"}],"curies":[{"name":"wp","href":"https:\/\/api.w.org\/{rel}","templated":true}]}}