{"id":4605,"date":"2014-05-16T03:00:00","date_gmt":"2014-05-16T06:00:00","guid":{"rendered":"http:\/\/catolicanet.net\/wp-cnet\/inscricoes-para-encontro-nacional-da-pascom-encerram-no-proximo-mes\/"},"modified":"2017-04-05T13:56:41","modified_gmt":"2017-04-05T16:56:41","slug":"inscricoes-para-encontro-nacional-da-pascom-encerram-no-proximo-mes","status":"publish","type":"post","link":"https:\/\/catolicanet.net\/wp-cnet\/inscricoes-para-encontro-nacional-da-pascom-encerram-no-proximo-mes\/","title":{"rendered":"Inscri\u00e7\u00f5es para Encontro Nacional da Pascom encerram no pr\u00f3ximo m\u00eas"},"content":{"rendered":"<p style=\"text-align: justify;\"><img decoding=\"async\" src=\"http:\/\/catolicanet.com.br\/images\/stories\/4encontropascom.jpg\" border=\"0\" align=\"left\" \/>O 4\u00ba Encontro Nacional da Pastoral da Comunica\u00e7\u00e3o e o 2\u00ba Semin\u00e1rio Nacional de Jovens Comunicadores ser\u00e3o realizados de 24 a 27 de julho, em Aparecida (SP). \u201cComunica\u00e7\u00e3o, desafios e possibilidades para evangelizar na era da cultura digital\u201d ser\u00e1 tema de reflex\u00e3o nos semin\u00e1rios e pain\u00e9is com a presen\u00e7a de pesquisadores da comunica\u00e7\u00e3o.<\/p>\n<p>Est\u00e1 confirmada a participa\u00e7\u00e3o de palestrantes internacionais como o padre jesu\u00edta, Ant\u00f4nio Spadaro, Let\u00edcia Sober\u00f3n e Cristiane Monteiro, da Rede de Inform\u00e1tica da Igreja na Am\u00e9rica Latina (RIIAL), entre outros especialistas.<\/p>\n<p>Os eventos aguardam aproximadamente 800 agentes da Pascom, entre jovens comunicadores, professores, profissionais, pesquisadores da \u00e1rea da comunica\u00e7\u00e3o que atuam nos regionais, dioceses, comunidades, congrega\u00e7\u00f5es, institui\u00e7\u00f5es e sociedade em geral. <\/p>\n<p>Diret\u00f3rio de Comunica\u00e7\u00e3o<\/p>\n<p>O encontro contar\u00e1, nos per\u00edodos da tarde, com apresenta\u00e7\u00e3o de relatos das experi\u00eancias de profissionais e agentes da Pascom e a fundamenta\u00e7\u00e3o te\u00f3rica dos temas discutidos, bem como a apresenta\u00e7\u00e3o do Diret\u00f3rio de Comunica\u00e7\u00e3o da Igreja no Brasil.<\/p>\n<p>Haver\u00e1 ainda programa\u00e7\u00e3o cultural com a participa\u00e7\u00e3o de m\u00fasicos e homenagem aos respons\u00e1veis pelas emissoras televisivas de inspira\u00e7\u00e3o cat\u00f3lica. <\/p>\n<p><strong>Fa\u00e7a sua inscri\u00e7\u00e3o<\/strong><\/p>\n<p>As inscri\u00e7\u00f5es para os encontros est\u00e3o <strong>dispon\u00edveis at\u00e9 23 de junho<\/strong>, com vagas limitadas. Confira os valores e a ficha de inscri\u00e7\u00e3o, no link Encontro Nacional. Para participar dos encontros \u00e9 necess\u00e1ria apenas uma inscri\u00e7\u00e3o. <\/p>\n<p>Sabia mais, acessando o hotsite do<a href=\"http:\/\/encontronacionalpascom.cnbb.org.br\/\"> 4\u00aa Encontro da Pascom.<\/a><\/p>\n<p>Fonte: CNBB<\/p>\n","protected":false},"excerpt":{"rendered":"<p>O 4\u00ba Encontro Nacional da Pastoral da Comunica\u00e7\u00e3o e o 2\u00ba Semin\u00e1rio Nacional de Jovens Comunicadores ser\u00e3o realizados de 24 a 27 de julho, em Aparecida (SP). \u201cComunica\u00e7\u00e3o, desafios e possibilidades para evangelizar na era da cultura digital\u201d ser\u00e1 tema de reflex\u00e3o nos semin\u00e1rios e pain\u00e9is com a presen\u00e7a de pesquisadores da comunica\u00e7\u00e3o. Est\u00e1 confirmada [&hellip;]<\/p>\n","protected":false},"author":1,"featured_media":0,"comment_status":"closed","ping_status":"closed","sticky":false,"template":"","format":"standard","meta":{"footnotes":""},"categories":[7],"tags":[],"class_list":["post-4605","post","type-post","status-publish","format-standard","hentry","category-cnbb"],"_links":{"self":[{"href":"https:\/\/catolicanet.net\/wp-cnet\/wp-json\/wp\/v2\/posts\/4605","targetHints":{"allow":["GET"]}}],"collection":[{"href":"https:\/\/catolicanet.net\/wp-cnet\/wp-json\/wp\/v2\/posts"}],"about":[{"href":"https:\/\/catolicanet.net\/wp-cnet\/wp-json\/wp\/v2\/types\/post"}],"author":[{"embeddable":true,"href":"https:\/\/catolicanet.net\/wp-cnet\/wp-json\/wp\/v2\/users\/1"}],"replies":[{"embeddable":true,"href":"https:\/\/catolicanet.net\/wp-cnet\/wp-json\/wp\/v2\/comments?post=4605"}],"version-history":[{"count":1,"href":"https:\/\/catolicanet.net\/wp-cnet\/wp-json\/wp\/v2\/posts\/4605\/revisions"}],"predecessor-version":[{"id":9492,"href":"https:\/\/catolicanet.net\/wp-cnet\/wp-json\/wp\/v2\/posts\/4605\/revisions\/9492"}],"wp:attachment":[{"href":"https:\/\/catolicanet.net\/wp-cnet\/wp-json\/wp\/v2\/media?parent=4605"}],"wp:term":[{"taxonomy":"category","embeddable":true,"href":"https:\/\/catolicanet.net\/wp-cnet\/wp-json\/wp\/v2\/categories?post=4605"},{"taxonomy":"post_tag","embeddable":true,"href":"https:\/\/catolicanet.net\/wp-cnet\/wp-json\/wp\/v2\/tags?post=4605"}],"curies":[{"name":"wp","href":"https:\/\/api.w.org\/{rel}","templated":true}]}}