{"id":46018,"date":"2018-12-10T16:26:14","date_gmt":"2018-12-10T18:26:14","guid":{"rendered":"http:\/\/catolicanet.net\/wp-cnet\/?p=46018"},"modified":"2018-12-10T16:26:14","modified_gmt":"2018-12-10T18:26:14","slug":"detenham-as-matancas-clama-bispo-filipino-diante-de-execucoes-extrajudiciais","status":"publish","type":"post","link":"https:\/\/catolicanet.net\/wp-cnet\/detenham-as-matancas-clama-bispo-filipino-diante-de-execucoes-extrajudiciais\/","title":{"rendered":"\u201cDetenham as matan\u00e7as!\u201d, clama bispo filipino diante de execu\u00e7\u00f5es extrajudiciais"},"content":{"rendered":"<p>O vice-presidente da Confer\u00eancia Episcopal das Filipinas, Dom Pablo Virgilio David, afirmou que &#8220;um assassinato extrajudicial sempre \u00e9 um erro, embora signifique a morte de delinquentes. Este \u00e9 o nosso pedido desesperado para o <a href=\"https:\/\/www.acidigital.com\/fiestas\/advento\/index.html\">Advento<\/a> e o pr\u00f3ximo <a href=\"https:\/\/www.acidigital.com\/fiestas\/navidad\/index.html\">Natal<\/a>: pelo amor de Deus, detenham as matan\u00e7as! Comecemos a cura&#8221;.<\/p>\n<p>O presidente filipino Rodrigo Duterte lan\u00e7ou a &#8220;guerra contra as drogas&#8221; depois de assumir a presid\u00eancia em 2016.<\/p>\n<p>Segundo dados oficiais, a pol\u00edcia matou cerca de cinco mil suspeitos em ataques para prender os traficantes de drogas, mas as organiza\u00e7\u00f5es de direitos humanos afirmam que o n\u00famero de assassinatos, incluindo as execu\u00e7\u00f5es extrajudiciais por esquadr\u00f5es de &#8220;vigilantes&#8221; \u00e9 quatro vezes maior, ou seja, cerca de 20 mil pessoas.<\/p>\n<p>A pol\u00edcia recha\u00e7a estas acusa\u00e7\u00f5es e alega que os assassinatos envolvem traficantes de drogas que resistiram \u00e0 pris\u00e3o.<\/p>\n<p>O tamb\u00e9m Bispo de Kalookan disse que a sua diocese \u00e9 &#8220;um campo de exterm\u00ednio&#8221; devido \u00e0s execu\u00e7\u00f5es extrajudiciais. &#8220;A luta contra as drogas ilegais deve ser implac\u00e1vel, mas os assassinatos devem acabar&#8221;, disse.<\/p>\n<p>&#8220;N\u00e3o deixemos que as nossas a\u00e7\u00f5es sejam motivadas pela ira, pelo \u00f3dio, pelo ressentimento e pela vingan\u00e7a. N\u00e3o deixemos que o mal tenha a \u00faltima palavra. N\u00e3o permitamos que o inimigo nos torne \u00e0 sua imagem e semelhan\u00e7a. N\u00e3o podemos aceitar passivamente estes assassinatos sem sentido, somente porque alguns de n\u00f3s pensamos que \u00e9 bom para a sociedade&#8221;, assinalou o Prelado, que ganhou a antipatia do presidente Duterte.<\/p>\n<p>Dom David disse que \u00e9 necess\u00e1rio reabilitar os viciados a fim de que tenham uma segunda oportunidade. &#8220;Este \u00e9 um dos princ\u00edpios mais importantes da nossa f\u00e9 como crist\u00e3os: todos n\u00f3s vivemos apenas pela gra\u00e7a e pela miseric\u00f3rdia de um Deus que perdoa. Quem somos n\u00f3s para condenar, se o nosso Deus perdoa? Quem de n\u00f3s n\u00e3o comete erros?&#8221;, explicou o Prelado.<\/p>\n<p>Nesse sentido, disse que para abordar o problema do tr\u00e1fico e das drogas nas Filipinas, o caminho n\u00e3o \u00e9 &#8220;eliminar os dependentes qu\u00edmicos&#8221;, eleitos pela campanha antidrogas de Duterte, mas melhorar os programas de reabilita\u00e7\u00e3o.<\/p>\n<p>Com este objetivo, as 86 dioceses cat\u00f3licas do pa\u00eds asi\u00e1tico dirigem iniciativas de reabilita\u00e7\u00e3o e promovem programas educacionais e bolsas de estudo para as pessoas afetadas.<\/p>\n<p>O Prelado tamb\u00e9m se referiu aos sacerdotes assassinados recentemente nas Filipinas e disse que eles \u201cnos mostram qu\u00e3o precioso \u00e9 o sacerd\u00f3cio. Eles s\u00e3o m\u00e1rtires que deram a sua <a href=\"https:\/\/www.acidigital.com\/vida\/index.html\">vida<\/a>, cuidando do rebanho dos fi\u00e9is que lhes foi confiado\u201d.<\/p>\n<p>As cr\u00edticas dos <a href=\"https:\/\/www.acidigital.com\/igreja\/bispos.htm\">bispos<\/a> fizeram com que Duterte lan\u00e7asse ataques verbais contra eles durante alguns eventos p\u00fablicos.<\/p>\n<p>&#8220;Os bispos de voc\u00eas, matem-nos. Esses bastardos n\u00e3o servem para nada. A \u00fanica coisa que sabem fazer \u00e9 criticar&#8221;, afirmou Duterte durante seu discurso em 5 de dezembro em Manila, onde 85% da popula\u00e7\u00e3o \u00e9 cat\u00f3lica.<\/p>\n<p>O presidente disse ainda que a <a href=\"https:\/\/www.acidigital.com\/igreja\/index.html\">Igreja<\/a> Cat\u00f3lica era a &#8220;institui\u00e7\u00e3o mais hip\u00f3crita do mundo&#8221; e tamb\u00e9m acusou que 90% dos sacerdotes &#8220;s\u00e3o homossexuais&#8221;.<\/p>\n","protected":false},"excerpt":{"rendered":"<p>O vice-presidente da Confer\u00eancia Episcopal das Filipinas, Dom Pablo Virgilio David, afirmou que &#8220;um assassinato extrajudicial sempre \u00e9 um erro, embora signifique a morte de delinquentes. Este \u00e9 o nosso pedido desesperado para o Advento e o pr\u00f3ximo Natal: pelo amor de Deus, detenham as matan\u00e7as! Comecemos a cura&#8221;. O presidente filipino Rodrigo Duterte lan\u00e7ou [&hellip;]<\/p>\n","protected":false},"author":1,"featured_media":46020,"comment_status":"open","ping_status":"closed","sticky":false,"template":"","format":"standard","meta":{"footnotes":""},"categories":[4],"tags":[],"class_list":["post-46018","post","type-post","status-publish","format-standard","has-post-thumbnail","hentry","category-cotidiano"],"_links":{"self":[{"href":"https:\/\/catolicanet.net\/wp-cnet\/wp-json\/wp\/v2\/posts\/46018","targetHints":{"allow":["GET"]}}],"collection":[{"href":"https:\/\/catolicanet.net\/wp-cnet\/wp-json\/wp\/v2\/posts"}],"about":[{"href":"https:\/\/catolicanet.net\/wp-cnet\/wp-json\/wp\/v2\/types\/post"}],"author":[{"embeddable":true,"href":"https:\/\/catolicanet.net\/wp-cnet\/wp-json\/wp\/v2\/users\/1"}],"replies":[{"embeddable":true,"href":"https:\/\/catolicanet.net\/wp-cnet\/wp-json\/wp\/v2\/comments?post=46018"}],"version-history":[{"count":1,"href":"https:\/\/catolicanet.net\/wp-cnet\/wp-json\/wp\/v2\/posts\/46018\/revisions"}],"predecessor-version":[{"id":46021,"href":"https:\/\/catolicanet.net\/wp-cnet\/wp-json\/wp\/v2\/posts\/46018\/revisions\/46021"}],"wp:featuredmedia":[{"embeddable":true,"href":"https:\/\/catolicanet.net\/wp-cnet\/wp-json\/wp\/v2\/media\/46020"}],"wp:attachment":[{"href":"https:\/\/catolicanet.net\/wp-cnet\/wp-json\/wp\/v2\/media?parent=46018"}],"wp:term":[{"taxonomy":"category","embeddable":true,"href":"https:\/\/catolicanet.net\/wp-cnet\/wp-json\/wp\/v2\/categories?post=46018"},{"taxonomy":"post_tag","embeddable":true,"href":"https:\/\/catolicanet.net\/wp-cnet\/wp-json\/wp\/v2\/tags?post=46018"}],"curies":[{"name":"wp","href":"https:\/\/api.w.org\/{rel}","templated":true}]}}