{"id":46015,"date":"2018-12-10T14:12:20","date_gmt":"2018-12-10T16:12:20","guid":{"rendered":"http:\/\/catolicanet.net\/wp-cnet\/?p=46015"},"modified":"2018-12-10T14:12:20","modified_gmt":"2018-12-10T16:12:20","slug":"qual-e-a-mensagem-da-virgem-de-guadalupe-para-o-mundo-atual","status":"publish","type":"post","link":"https:\/\/catolicanet.net\/wp-cnet\/qual-e-a-mensagem-da-virgem-de-guadalupe-para-o-mundo-atual\/","title":{"rendered":"Qual \u00e9 a mensagem da Virgem de Guadalupe para o mundo atual?"},"content":{"rendered":"<p>Faltando 13 anos para o anivers\u00e1rio de meio mil\u00eanio das apari\u00e7\u00f5es da Virgem de Guadalupe, qual pode ser a sua mensagem e import\u00e2ncia para o mundo atual?<\/p>\n<p>Pe. Eduardo Ch\u00e1vez, um dos maiores especialistas nas apari\u00e7\u00f5es de Santa Maria na colina de Tepeyac, na Cidade do M\u00e9xico, destacou que a mensagem da Virgem de Guadalupe \u00e9 da &#8220;harmonia de todos os povos nesta \u00fanica civiliza\u00e7\u00e3o do amor de Deus&#8221;.<\/p>\n<p>Em entrevista ao Grupo <a href=\"https:\/\/www.acidigital.com\">ACI<\/a>, Pe. Ch\u00e1vez, c\u00f4nego da Bas\u00edlica de Guadalupe e diretor do Instituto Superior de Estudos Guadalupanos, assinalou que a <a href=\"https:\/\/www.acidigital.com\/Maria\/index.html\">Virgem Maria<\/a> \u201cfaz esta incultura\u00e7\u00e3o perfeita\u201d em meio ao povo ind\u00edgena, \u201cmostrando Jesus e colocando-o no mais profundo do ser humano&#8221;.<\/p>\n<p>A Virgem de Guadalupe apareceu ao ind\u00edgena S\u00e3o Juan Diego na colina de Tepeyac, de 9 a 12 de dezembro de 1531, expressando seu desejo de que constru\u00edssem um templo cat\u00f3lico na plan\u00edcie, aos p\u00e9s da montanha.<\/p>\n<p>A pedido da Virgem Maria, Juan Diego apresentou o pedido ao primeiro Bispo do M\u00e9xico, o franciscano Frei Juan de Zum\u00e1rraga. Como prova da veracidade das apari\u00e7\u00f5es, o \u00edndio levou as flores cortadas de um roseiral que apareceu milagrosamente no Tepeyac.<\/p>\n<p>Ao abrir a sua tilma para apresentar as flores, viram que a imagem da Virgem de Guadalupe estava impressa no tecido.<\/p>\n<p>A tilma de S\u00e3o Juan Diego atualmente est\u00e1 na Bas\u00edlica de Guadalupe, na Cidade do M\u00e9xico.<\/p>\n<p>Pe. Ch\u00e1vez destacou que a Virgem de Guadalupe tomou &#8220;as coisas boas, positivas, estas sementes da Palavra que Deus semeou&#8221; na Am\u00e9rica, para depois &#8220;dar-lhe pleno desenvolvimento em seu Filho, Jesus Cristo&#8221;.<\/p>\n<p>&#8220;Jesus sempre \u00e9 o centro do acontecimento guadalupano&#8221;, sublinhou.<\/p>\n<p>A Virgem de Guadalupe, acrescentou, &#8220;assume a pobreza, pelo fato de ser mesti\u00e7a, porque os mesti\u00e7os na \u00e9poca da Sant\u00edssima Virgem de Guadalupe eram desprezados tanto pelos espanh\u00f3is como pelos ind\u00edgenas e procuravam comida no lixo&#8221;.<\/p>\n<p>&#8220;Para o nosso mundo, o acontecimento guadalupano \u00e9 muito importante atualmente, pois a Virgem de Guadalupe traz precisamente harmonia, paz, justi\u00e7a, amor, em uma palavra: Jesus Cristo, Nosso Senhor, para o mundo inteiro&#8221;.<\/p>\n<p>&#8220;E continua trazendo como naquele momento \u00fanico e transcendente&#8221;, acrescentou.<\/p>\n<p>Santa Maria, assinalou, conduz aquele homem &#8220;que tem a viol\u00eancia no seu cora\u00e7\u00e3o, o homem traidor, criminoso, que infelizmente se destr\u00f3i e destr\u00f3i o ser humano e este mundo&#8221;, e o conduz a Jesus Cristo &#8220;para curar, para salvar&#8221;.<\/p>\n","protected":false},"excerpt":{"rendered":"<p>Faltando 13 anos para o anivers\u00e1rio de meio mil\u00eanio das apari\u00e7\u00f5es da Virgem de Guadalupe, qual pode ser a sua mensagem e import\u00e2ncia para o mundo atual? Pe. Eduardo Ch\u00e1vez, um dos maiores especialistas nas apari\u00e7\u00f5es de Santa Maria na colina de Tepeyac, na Cidade do M\u00e9xico, destacou que a mensagem da Virgem de Guadalupe [&hellip;]<\/p>\n","protected":false},"author":1,"featured_media":46016,"comment_status":"open","ping_status":"closed","sticky":false,"template":"","format":"standard","meta":{"footnotes":""},"categories":[4],"tags":[],"class_list":["post-46015","post","type-post","status-publish","format-standard","has-post-thumbnail","hentry","category-cotidiano"],"_links":{"self":[{"href":"https:\/\/catolicanet.net\/wp-cnet\/wp-json\/wp\/v2\/posts\/46015","targetHints":{"allow":["GET"]}}],"collection":[{"href":"https:\/\/catolicanet.net\/wp-cnet\/wp-json\/wp\/v2\/posts"}],"about":[{"href":"https:\/\/catolicanet.net\/wp-cnet\/wp-json\/wp\/v2\/types\/post"}],"author":[{"embeddable":true,"href":"https:\/\/catolicanet.net\/wp-cnet\/wp-json\/wp\/v2\/users\/1"}],"replies":[{"embeddable":true,"href":"https:\/\/catolicanet.net\/wp-cnet\/wp-json\/wp\/v2\/comments?post=46015"}],"version-history":[{"count":1,"href":"https:\/\/catolicanet.net\/wp-cnet\/wp-json\/wp\/v2\/posts\/46015\/revisions"}],"predecessor-version":[{"id":46017,"href":"https:\/\/catolicanet.net\/wp-cnet\/wp-json\/wp\/v2\/posts\/46015\/revisions\/46017"}],"wp:featuredmedia":[{"embeddable":true,"href":"https:\/\/catolicanet.net\/wp-cnet\/wp-json\/wp\/v2\/media\/46016"}],"wp:attachment":[{"href":"https:\/\/catolicanet.net\/wp-cnet\/wp-json\/wp\/v2\/media?parent=46015"}],"wp:term":[{"taxonomy":"category","embeddable":true,"href":"https:\/\/catolicanet.net\/wp-cnet\/wp-json\/wp\/v2\/categories?post=46015"},{"taxonomy":"post_tag","embeddable":true,"href":"https:\/\/catolicanet.net\/wp-cnet\/wp-json\/wp\/v2\/tags?post=46015"}],"curies":[{"name":"wp","href":"https:\/\/api.w.org\/{rel}","templated":true}]}}