{"id":46009,"date":"2018-12-10T11:39:22","date_gmt":"2018-12-10T13:39:22","guid":{"rendered":"http:\/\/catolicanet.net\/wp-cnet\/?p=46009"},"modified":"2018-12-10T11:39:22","modified_gmt":"2018-12-10T13:39:22","slug":"a-natividade-do-mundo-inteiro-no-vaticano","status":"publish","type":"post","link":"https:\/\/catolicanet.net\/wp-cnet\/a-natividade-do-mundo-inteiro-no-vaticano\/","title":{"rendered":"A Natividade do mundo inteiro no Vaticano"},"content":{"rendered":"<p><iframe loading=\"lazy\" width=\"696\" height=\"392\" src=\"https:\/\/www.youtube.com\/embed\/KWsd6OoFWO8?feature=oembed\" frameborder=\"0\" allow=\"accelerometer; autoplay; encrypted-media; gyroscope; picture-in-picture\" allowfullscreen><\/iframe><\/p>\n<div class=\"article__subTitle\">Pela primeira vez depois de 43 anos, a exposi\u00e7\u00e3o &#8220;100 Pres\u00e9pios&#8221; deixa a Pra\u00e7a del Popolo (Piazza del Popolo) em Roma e se muda para o Vaticano, sob a responsabilidade do Pontif\u00edcio Conselho para a Promo\u00e7\u00e3o da Nova Evangeliza\u00e7\u00e3o. At\u00e9 o dia 13 de janeiro de 2019, \u00e9 poss\u00edvel visit\u00e1-la gratuitamente, na sala S\u00e3o Pio IX na Via della Conciliazione.<\/div>\n<div class=\"title__separator\"><\/div>\n<div class=\"article__text\">\n<p><b>Benedetta Capelli &#8211; Cidade do Vaticano<\/b><\/p>\n<p>Da Pra\u00e7a del Popolo em Roma \u00e0 Via della Conciliazione no Vaticano.\u00a0Depois de 43 anos, a exposi\u00e7\u00e3o &#8220;100 Pres\u00e9pios&#8221; se mudou gra\u00e7as a Mariacarla Menaglia, diretora da &#8220;Revista das Na\u00e7\u00f5es&#8221;, organiza\u00e7\u00e3o que nos \u00faltimos anos realiza o evento. A exposi\u00e7\u00e3o \u00e9 promovida pelo Pontif\u00edcio Conselho para a promo\u00e7\u00e3o da Nova Evangeliza\u00e7\u00e3o.<\/p>\n<h2><b>Dom\u00a0Fisichella: o pres\u00e9pio \u00e9 uma mensagem de paz e di\u00e1logo<\/b><\/h2>\n<p>Na abertura da exposi\u00e7\u00e3o, o presidente do dicast\u00e9rio vaticano,\u00a0Dom\u00a0Rino Fisichella, disse que o pres\u00e9pio \u00e9 &#8220;um daqueles sinais de que a humanidade pode trazer uma mensagem de paz, de di\u00e1logo, de acolhida que convida todo mundo a trabalhar para que o mundo seja melhor.&#8221; Entre os convidados estava o embaixador do Panam\u00e1 junto \u00e0 Santa S\u00e9, Miroslava Rosas Vargas, como representante do pa\u00eds que, de 22 a 27 de janeiro de 2019, ser\u00e1 a sede da Jornada Mundial da Juventude. Na sala S\u00e3o Pio IX, um coral apresentou o hino da JMJ, m\u00fasica de fundo perfeita para acompanhar a visita aos pres\u00e9pios expostos.<\/p>\n<h2><b>Natividade de todo o mundo<\/b><\/h2>\n<p>Cento e vinte e seis pres\u00e9pios presentes. Uma viagem pelas tradi\u00e7\u00f5es do mundo: da arte presepial napolitana ao pres\u00e9pio criado pelos internos da comunidade Villa Maraini, um centro de reabilita\u00e7\u00e3o terap\u00eautica de Roma. Na exposi\u00e7\u00e3o, tamb\u00e9m h\u00e1 pres\u00e9pios doados por embaixadas, como as do Panam\u00e1, Pol\u00f4nia, Rep\u00fablica Checa, Eslov\u00eania e at\u00e9 mesmo um pres\u00e9pio chin\u00eas. A magia dos pres\u00e9pios tamb\u00e9m pode ser vista atrav\u00e9s dos materiais usados, tais como papel mach\u00ea, coral, massas e varas recolhidas na praia.\u00a0 A exposi\u00e7\u00e3o vai at\u00e9 o dia 13 de janeiro de 2019 e a entrada \u00e9 gratuita.<\/p>\n<p>&nbsp;<\/p>\n<\/div>\n","protected":false},"excerpt":{"rendered":"<p>Pela primeira vez depois de 43 anos, a exposi\u00e7\u00e3o &#8220;100 Pres\u00e9pios&#8221; deixa a Pra\u00e7a del Popolo (Piazza del Popolo) em Roma e se muda para o Vaticano, sob a responsabilidade do Pontif\u00edcio Conselho para a Promo\u00e7\u00e3o da Nova Evangeliza\u00e7\u00e3o. At\u00e9 o dia 13 de janeiro de 2019, \u00e9 poss\u00edvel visit\u00e1-la gratuitamente, na sala S\u00e3o Pio [&hellip;]<\/p>\n","protected":false},"author":1,"featured_media":46010,"comment_status":"open","ping_status":"closed","sticky":false,"template":"","format":"standard","meta":{"footnotes":""},"categories":[3],"tags":[],"class_list":["post-46009","post","type-post","status-publish","format-standard","has-post-thumbnail","hentry","category-vaticano"],"_links":{"self":[{"href":"https:\/\/catolicanet.net\/wp-cnet\/wp-json\/wp\/v2\/posts\/46009","targetHints":{"allow":["GET"]}}],"collection":[{"href":"https:\/\/catolicanet.net\/wp-cnet\/wp-json\/wp\/v2\/posts"}],"about":[{"href":"https:\/\/catolicanet.net\/wp-cnet\/wp-json\/wp\/v2\/types\/post"}],"author":[{"embeddable":true,"href":"https:\/\/catolicanet.net\/wp-cnet\/wp-json\/wp\/v2\/users\/1"}],"replies":[{"embeddable":true,"href":"https:\/\/catolicanet.net\/wp-cnet\/wp-json\/wp\/v2\/comments?post=46009"}],"version-history":[{"count":1,"href":"https:\/\/catolicanet.net\/wp-cnet\/wp-json\/wp\/v2\/posts\/46009\/revisions"}],"predecessor-version":[{"id":46011,"href":"https:\/\/catolicanet.net\/wp-cnet\/wp-json\/wp\/v2\/posts\/46009\/revisions\/46011"}],"wp:featuredmedia":[{"embeddable":true,"href":"https:\/\/catolicanet.net\/wp-cnet\/wp-json\/wp\/v2\/media\/46010"}],"wp:attachment":[{"href":"https:\/\/catolicanet.net\/wp-cnet\/wp-json\/wp\/v2\/media?parent=46009"}],"wp:term":[{"taxonomy":"category","embeddable":true,"href":"https:\/\/catolicanet.net\/wp-cnet\/wp-json\/wp\/v2\/categories?post=46009"},{"taxonomy":"post_tag","embeddable":true,"href":"https:\/\/catolicanet.net\/wp-cnet\/wp-json\/wp\/v2\/tags?post=46009"}],"curies":[{"name":"wp","href":"https:\/\/api.w.org\/{rel}","templated":true}]}}