{"id":45993,"date":"2018-12-10T10:21:23","date_gmt":"2018-12-10T12:21:23","guid":{"rendered":"http:\/\/catolicanet.net\/wp-cnet\/?p=45993"},"modified":"2018-12-10T10:21:23","modified_gmt":"2018-12-10T12:21:23","slug":"instituto-religioso-atrai-novas-vocacoes-no-brasil","status":"publish","type":"post","link":"https:\/\/catolicanet.net\/wp-cnet\/instituto-religioso-atrai-novas-vocacoes-no-brasil\/","title":{"rendered":"Instituto religioso atrai novas voca\u00e7\u00f5es no Brasil"},"content":{"rendered":"<div class=\"post-content\">\n<h2 data-fontsize=\"30\" data-lineheight=\"39\">H\u00e1 apenas 30 anos, foi fundado na Argentina o Instituto religioso das <em>Servas do Senhor e da Virgem de Matar\u00e1<\/em><\/h2>\n<p>Desde sua funda\u00e7\u00e3o, o instituto religioso <strong><em>Servas do Senhor e da Virgem de Matar\u00e1,\u00a0<\/em><\/strong>se espalhou pelo mundo com 160 conventos em 35 pa\u00edses, nos cinco continentes.<\/p>\n<p>Uma caracter\u00edstica particular do instituto \u00e9 seu amor; sobretudo o amor pela Eucaristia, pela M\u00e3e de Deus e pelo Santo Padre. Al\u00e9m disso, o apostolado das Irm\u00e3s cobre um grande campo, com ajuda aos padres nas par\u00f3quias, em retiros e instru\u00e7\u00e3o catequ\u00e9tica nas escolas, bem como o trabalho com o apostolado jovem. A religiosas tamb\u00e9m prestam auxilio \u00e0 orfanatos, nas casas de crian\u00e7as deficientes e de idosos, al\u00e9m dos hospitais. Algumas delas tamb\u00e9m ajudam mulheres gr\u00e1vidas em situa\u00e7\u00e3o dif\u00edcil, auxiliando-as a dar \u00e0 luz de forma segura. Outras, est\u00e3o envolvidas com a publica\u00e7\u00e3o de livros e literatura teol\u00f3gica.<\/p>\n<h2 data-fontsize=\"30\" data-lineheight=\"39\">Novas voca\u00e7\u00f5es no Brasil<\/h2>\n<p><a href=\"https:\/\/www.youtube.com\/watch?v=Pwzh-RbAdVU&amp;t=145s\">O Instituto permanece atraindo novas voca\u00e7\u00f5es, particularmente no Brasil<\/a>. Cerca de 15 jovens estariam em forma\u00e7\u00e3o no momento. Elas precisam de nossa ajuda para receber um treinamento s\u00f3lido e aprofundado; desse modo, poder\u00e3o dedicar-se \u00e0 vida religiosa e de apostolado em que estar\u00e3o envolvidas. A Funda\u00e7\u00e3o Pontif\u00edcia ACN se comprometeu a ajud\u00e1-las neste ano.<\/p>\n<\/div>\n","protected":false},"excerpt":{"rendered":"<p>H\u00e1 apenas 30 anos, foi fundado na Argentina o Instituto religioso das Servas do Senhor e da Virgem de Matar\u00e1 Desde sua funda\u00e7\u00e3o, o instituto religioso Servas do Senhor e da Virgem de Matar\u00e1,\u00a0se espalhou pelo mundo com 160 conventos em 35 pa\u00edses, nos cinco continentes. Uma caracter\u00edstica particular do instituto \u00e9 seu amor; sobretudo [&hellip;]<\/p>\n","protected":false},"author":1,"featured_media":45994,"comment_status":"open","ping_status":"closed","sticky":false,"template":"","format":"standard","meta":{"footnotes":""},"categories":[13],"tags":[],"class_list":["post-45993","post","type-post","status-publish","format-standard","has-post-thumbnail","hentry","category-featured"],"_links":{"self":[{"href":"https:\/\/catolicanet.net\/wp-cnet\/wp-json\/wp\/v2\/posts\/45993","targetHints":{"allow":["GET"]}}],"collection":[{"href":"https:\/\/catolicanet.net\/wp-cnet\/wp-json\/wp\/v2\/posts"}],"about":[{"href":"https:\/\/catolicanet.net\/wp-cnet\/wp-json\/wp\/v2\/types\/post"}],"author":[{"embeddable":true,"href":"https:\/\/catolicanet.net\/wp-cnet\/wp-json\/wp\/v2\/users\/1"}],"replies":[{"embeddable":true,"href":"https:\/\/catolicanet.net\/wp-cnet\/wp-json\/wp\/v2\/comments?post=45993"}],"version-history":[{"count":1,"href":"https:\/\/catolicanet.net\/wp-cnet\/wp-json\/wp\/v2\/posts\/45993\/revisions"}],"predecessor-version":[{"id":45995,"href":"https:\/\/catolicanet.net\/wp-cnet\/wp-json\/wp\/v2\/posts\/45993\/revisions\/45995"}],"wp:featuredmedia":[{"embeddable":true,"href":"https:\/\/catolicanet.net\/wp-cnet\/wp-json\/wp\/v2\/media\/45994"}],"wp:attachment":[{"href":"https:\/\/catolicanet.net\/wp-cnet\/wp-json\/wp\/v2\/media?parent=45993"}],"wp:term":[{"taxonomy":"category","embeddable":true,"href":"https:\/\/catolicanet.net\/wp-cnet\/wp-json\/wp\/v2\/categories?post=45993"},{"taxonomy":"post_tag","embeddable":true,"href":"https:\/\/catolicanet.net\/wp-cnet\/wp-json\/wp\/v2\/tags?post=45993"}],"curies":[{"name":"wp","href":"https:\/\/api.w.org\/{rel}","templated":true}]}}