{"id":4599,"date":"2014-05-16T19:33:03","date_gmt":"2014-05-16T22:33:03","guid":{"rendered":"http:\/\/catolicanet.net\/wp-cnet\/festa-junina-do-imsjt\/"},"modified":"2017-04-05T13:44:35","modified_gmt":"2017-04-05T16:44:35","slug":"festa-junina-do-imsjt","status":"publish","type":"post","link":"https:\/\/catolicanet.net\/wp-cnet\/festa-junina-do-imsjt\/","title":{"rendered":"Festa Junina do IMSJT"},"content":{"rendered":"<p style=\"text-align: justify;\"><img decoding=\"async\" src=\"http:\/\/catolicanet.com.br\/images\/stories\/panfletofestajunina14.jpg\" border=\"0\" align=\"left\" \/>Institui\u00e7\u00e3o filantr\u00f3pica realiza evento em prol de suas obras sociais, que atendem crian\u00e7as, adolescentes e jovens<\/p>\n<p>Nos domingos 25\/5, 1\u00ba e 8\/6, acontecer\u00e1 a Festa Junina do IMSJT (Instituto Meninos de S\u00e3o Judas Tadeu). O evento \u00e9 tradi\u00e7\u00e3o na cidade de S\u00e3o Paulo e \u00e9 o maior realizado pela institui\u00e7\u00e3o. Todas as pessoas que prestigiam o evento colaboram com a manuten\u00e7\u00e3o do IMSJT, o qual atende atualmente 1810 crian\u00e7as, adolescentes e jovens. <br \/>Durante o evento, que acontece no estacionamento da institui\u00e7\u00e3o, atendidos da obra realizam variadas apresenta\u00e7\u00f5es culturais, al\u00e9m da tradicional quadrilha. A festa possui decora\u00e7\u00e3o tem\u00e1tica, diversas barracas com cl\u00e1ssicas comidas e bebidas, como bolos, doces, churrascos, cachorros-quentes, past\u00e9is, pizzas, pamonhas, canjicas, pinh\u00f5es, churros, quent\u00f5es etc; e barracas com v\u00e1rias brincadeiras, entre elas a habitual pescaria.<br \/>O diferencial dessa festividade \u00e9 o comparecimento das fam\u00edlias. Num clima de confraterniza\u00e7\u00e3o e alegria, crian\u00e7as e adultos se divertem em um ambiente seguro e ao som de muita m\u00fasica.<\/p>\n<p>SOBRE O IMSJT (INSTITUTO MENINOS DE S\u00c3O JUDAS TADEU) \u2013 O IMSJT \u00e9 uma obra social da Congrega\u00e7\u00e3o dos Padres do Sagrado Cora\u00e7\u00e3o de Jesus (dehonianos). Foi fundado em 1946 pelo pe. Jo\u00e3o B\u00fcscher,scj (1902-1991). Em 1950, pe. Greg\u00f3rio Westrupp,scj (1909-1983) \u2013 sacerdote muito conhecido em sua \u00e9poca pela popula\u00e7\u00e3o de S\u00e3o Paulo \u2013, foi nomeado diretor e deu um novo impulso \u00e0 obra.<br \/>No in\u00edcio, o atendimento prestado era em regime de internato, abrigava crian\u00e7as \u00f3rf\u00e3s e abandonadas. Hoje, pautado pelo ECA (Estatuto da Crian\u00e7a e do Adolescente), as atividades da institui\u00e7\u00e3o ganharam atualidade e funcionalidade, englobando os seguintes projetos: N\u00facleo Socioeducativo Padre Greg\u00f3rio Westrupp; Creche Padre Greg\u00f3rio Westrupp; Creche Padre Dehon\/N\u00facleo Marisa; Creche Sagrado Cora\u00e7\u00e3o de Jesus; Abrigo S\u00e3o Judas Tadeu; parcerias com o Semin\u00e1rio Proped\u00eautico (Congrega\u00e7\u00e3o dos Padres do Sagrado Cora\u00e7\u00e3o de Jesus), Espro (Ensino Social Profissionalizante) e EJA \u2013 Educa\u00e7\u00e3o para Jovens e Adultos (Sesi).<br \/>O centro das aten\u00e7\u00f5es e o motivo das realiza\u00e7\u00f5es que se conjugam em todos os projetos do IMSJT s\u00e3o as crian\u00e7as, os adolescentes e os jovens, que nele s\u00e3o acolhidos e atendidos. Por todos os anos de exist\u00eancia, a dire\u00e7\u00e3o do IMSJT se deu por v\u00e1rios padres e religiosos dehonianos; e, desde 2005 \u00e9 dirigido pelo pe. Jo\u00e3o Back,scj. <br \/>A miss\u00e3o desta obra social \u00e9 acolher, amparar e educar crian\u00e7as, adolescentes e jovens em situa\u00e7\u00e3o de risco e de vulnerabilidade pessoal e social. E ao longo de 68 anos de atividades, milhares de crian\u00e7as, adolescentes e jovens encontraram no IMSJT forma\u00e7\u00e3o para a vida, educa\u00e7\u00e3o b\u00e1sica, carinho, alimento e prote\u00e7\u00e3o. <br \/>Para mais informa\u00e7\u00f5es acesse www.imsjt.org.br ou entre em contato pelo telefone (11) 5586-8666.<\/p>\n<p><strong>SERVI\u00c7O:<\/strong><br \/>Festa Junina do Instituto Meninos de S\u00e3o Judas Tadeu<br \/>Quando: Nos domingos 25\/5, 1\u00ba e 8\/6, das 10h \u00e0s 21h<br \/>Onde: Estacionamento do IMSJT (Av. Itacira, 2801 \u2013 Planalto Paulista \u2013 04061-003 \u2013 S\u00e3o Paulo\/SP) \u2013 atr\u00e1s do Santu\u00e1rio S\u00e3o Judas Tadeu. Zona Sul.<br \/>Classifica\u00e7\u00e3o et\u00e1ria: Livre<br \/>Entrada gratuita<\/p>\n<p><strong>MAIS INFORMA\u00c7\u00d5ES \u00c0 IMPRENSA:<\/strong><br \/>Assessoria de Comunica\u00e7\u00e3o \u2013 Instituto Meninos de S\u00e3o Judas Tadeu<br \/>Elis\u00e2ngela Borges e Bruno Louren\u00e7o<br \/>imprensa@imsjt.org.br<br \/>(11) 5586-8666<\/p>\n","protected":false},"excerpt":{"rendered":"<p>Institui\u00e7\u00e3o filantr\u00f3pica realiza evento em prol de suas obras sociais, que atendem crian\u00e7as, adolescentes e jovens Nos domingos 25\/5, 1\u00ba e 8\/6, acontecer\u00e1 a Festa Junina do IMSJT (Instituto Meninos de S\u00e3o Judas Tadeu). O evento \u00e9 tradi\u00e7\u00e3o na cidade de S\u00e3o Paulo e \u00e9 o maior realizado pela institui\u00e7\u00e3o. Todas as pessoas que prestigiam [&hellip;]<\/p>\n","protected":false},"author":1,"featured_media":0,"comment_status":"closed","ping_status":"closed","sticky":false,"template":"","format":"standard","meta":{"footnotes":""},"categories":[4],"tags":[],"class_list":["post-4599","post","type-post","status-publish","format-standard","hentry","category-cotidiano"],"_links":{"self":[{"href":"https:\/\/catolicanet.net\/wp-cnet\/wp-json\/wp\/v2\/posts\/4599","targetHints":{"allow":["GET"]}}],"collection":[{"href":"https:\/\/catolicanet.net\/wp-cnet\/wp-json\/wp\/v2\/posts"}],"about":[{"href":"https:\/\/catolicanet.net\/wp-cnet\/wp-json\/wp\/v2\/types\/post"}],"author":[{"embeddable":true,"href":"https:\/\/catolicanet.net\/wp-cnet\/wp-json\/wp\/v2\/users\/1"}],"replies":[{"embeddable":true,"href":"https:\/\/catolicanet.net\/wp-cnet\/wp-json\/wp\/v2\/comments?post=4599"}],"version-history":[{"count":1,"href":"https:\/\/catolicanet.net\/wp-cnet\/wp-json\/wp\/v2\/posts\/4599\/revisions"}],"predecessor-version":[{"id":9485,"href":"https:\/\/catolicanet.net\/wp-cnet\/wp-json\/wp\/v2\/posts\/4599\/revisions\/9485"}],"wp:attachment":[{"href":"https:\/\/catolicanet.net\/wp-cnet\/wp-json\/wp\/v2\/media?parent=4599"}],"wp:term":[{"taxonomy":"category","embeddable":true,"href":"https:\/\/catolicanet.net\/wp-cnet\/wp-json\/wp\/v2\/categories?post=4599"},{"taxonomy":"post_tag","embeddable":true,"href":"https:\/\/catolicanet.net\/wp-cnet\/wp-json\/wp\/v2\/tags?post=4599"}],"curies":[{"name":"wp","href":"https:\/\/api.w.org\/{rel}","templated":true}]}}