{"id":45982,"date":"2018-12-10T09:57:29","date_gmt":"2018-12-10T11:57:29","guid":{"rendered":"http:\/\/catolicanet.net\/wp-cnet\/?p=45982"},"modified":"2018-12-10T09:57:29","modified_gmt":"2018-12-10T11:57:29","slug":"romaria-nacional-da-juventude-2019-unidade-da-juventude-na-casa-da-mae-aparecida","status":"publish","type":"post","link":"https:\/\/catolicanet.net\/wp-cnet\/romaria-nacional-da-juventude-2019-unidade-da-juventude-na-casa-da-mae-aparecida\/","title":{"rendered":"Romaria Nacional da Juventude 2019: unidade da juventude na Casa da M\u00e3e Aparecida"},"content":{"rendered":"<p>O encontro dos jovens na Casa da M\u00e3e Aparecida j\u00e1 tem data! A\u00a0<strong>Romaria Nacional da Juventude<\/strong>\u00a0<strong>2019<\/strong>\u00a0acontecer\u00e1 no dia 27 de abril de 2019 no Santu\u00e1rio Nacional de Nossa Senhora Aparecida a partir das 13h30. Com o tema\u00a0<strong>\u201cMaria: Paix\u00e3o pela vida e pelo Senhor da vida\u201d<\/strong>, o evento reunir\u00e1 os jovens para momentos de espiritualidade, forma\u00e7\u00e3o e confraterniza\u00e7\u00e3o, proporcionando um grande encontro das diversas express\u00f5es juvenis que vivem e levam o amor de Cristo pelo Brasil.<\/p>\n<p>A romaria \u00e9 realizada pela Comiss\u00e3o Episcopal Pastoral para a Juventude da CNBB (CEPJ) em parceria com o Santu\u00e1rio Nacional. As caravanas poder\u00e3o se inscrever para a romaria a partir de um formul\u00e1rio online que ser\u00e1 lan\u00e7ado especialmente para o evento em breve.<\/p>\n<p>Esta ser\u00e1 a quarta edi\u00e7\u00e3o da Romaria Nacional com o atual formato. Com o projeto Rota300, em comemora\u00e7\u00e3o aos 300 anos do encontro da imagem de Nossa Senhora nas \u00e1guas do Rio Para\u00edba do Sul, foi poss\u00edvel repensar e retornar com a atividade, que durante muitos anos levou os jovens ao santu\u00e1rio mariano at\u00e9 a d\u00e9cada de 1990.<\/p>\n<p>Para Pe.\u00a0Ant\u00f4nio Ramos do Prado, sdb, assessor da Comiss\u00e3o Episcopal Pastoral para a Juventude, a romaria \u00e9 um importante momento de unidade para a juventude. \u201cA cada ano temos uma tem\u00e1tica ligada \u00e0 Maria ou a um tema em destaque para a Igreja no momento. A romaria tem tamb\u00e9m uma identidade de forma\u00e7\u00e3o de lideran\u00e7as, catequese, testemunhos, missa, confer\u00eancia, caminhada e um evento \u00e0 noite com m\u00fasica\u201d, conta.<\/p>\n<p>O objetivo da romaria \u00e9 que todos as express\u00f5es juvenis do pa\u00eds se encontrem, tenham este momento de confraterniza\u00e7\u00e3o e tamb\u00e9m de se reconhecerem, pois a diversidade dos carismas na juventude \u00e9 uma riqueza para a Igreja, sendo a romaria um desses momentos de unidade. \u201cSabemos da dificuldade de todos participarem porque o pa\u00eds \u00e9 muito grande. Uma sugest\u00e3o dos bispos dos regionais \u00e9 que este formato de romaria aconte\u00e7a em outros lugares do Brasil tamb\u00e9m e estamos refletindo essas possibilidades\u201d, adianta o assessor.<\/p>\n<p><strong>Conhe\u00e7a a identidade visual da Romaria Nacional da Juventude 2019<\/strong><\/p>\n<p>Al\u00e9m da silhueta da imagem de Nossa Senhora Aparecida, a estrela, a cruz, o cora\u00e7\u00e3o e os p\u00e9s s\u00e3o os elementos centrais da identidade visual da Romaria Nacional 2019. Desenvolvida pela equipe de design do Jovens Conectados, os elementos t\u00eam como refer\u00eancia de frases do Papa Francisco ditas na Jornada Mundial da Juventude Rio 2013, mensagem enviada aos jovens da Rota300, na mensagem aos jovens brasileiros em v\u00eddeo durante o S\u00ednodo dos Bispos em outubro deste ano, e na exorta\u00e7\u00e3o Evangelli Gaudium. Confira os elementos e as refer\u00eancias:<\/p>\n<p><strong>Servi\u00e7o<\/strong><\/p>\n<p><em><strong>Texto e fotos Jovens Conectados<\/strong><\/em><\/p>\n","protected":false},"excerpt":{"rendered":"<p>O encontro dos jovens na Casa da M\u00e3e Aparecida j\u00e1 tem data! A\u00a0Romaria Nacional da Juventude\u00a02019\u00a0acontecer\u00e1 no dia 27 de abril de 2019 no Santu\u00e1rio Nacional de Nossa Senhora Aparecida a partir das 13h30. Com o tema\u00a0\u201cMaria: Paix\u00e3o pela vida e pelo Senhor da vida\u201d, o evento reunir\u00e1 os jovens para momentos de espiritualidade, forma\u00e7\u00e3o [&hellip;]<\/p>\n","protected":false},"author":1,"featured_media":45983,"comment_status":"open","ping_status":"closed","sticky":false,"template":"","format":"standard","meta":{"footnotes":""},"categories":[7],"tags":[],"class_list":["post-45982","post","type-post","status-publish","format-standard","has-post-thumbnail","hentry","category-cnbb"],"_links":{"self":[{"href":"https:\/\/catolicanet.net\/wp-cnet\/wp-json\/wp\/v2\/posts\/45982","targetHints":{"allow":["GET"]}}],"collection":[{"href":"https:\/\/catolicanet.net\/wp-cnet\/wp-json\/wp\/v2\/posts"}],"about":[{"href":"https:\/\/catolicanet.net\/wp-cnet\/wp-json\/wp\/v2\/types\/post"}],"author":[{"embeddable":true,"href":"https:\/\/catolicanet.net\/wp-cnet\/wp-json\/wp\/v2\/users\/1"}],"replies":[{"embeddable":true,"href":"https:\/\/catolicanet.net\/wp-cnet\/wp-json\/wp\/v2\/comments?post=45982"}],"version-history":[{"count":1,"href":"https:\/\/catolicanet.net\/wp-cnet\/wp-json\/wp\/v2\/posts\/45982\/revisions"}],"predecessor-version":[{"id":45984,"href":"https:\/\/catolicanet.net\/wp-cnet\/wp-json\/wp\/v2\/posts\/45982\/revisions\/45984"}],"wp:featuredmedia":[{"embeddable":true,"href":"https:\/\/catolicanet.net\/wp-cnet\/wp-json\/wp\/v2\/media\/45983"}],"wp:attachment":[{"href":"https:\/\/catolicanet.net\/wp-cnet\/wp-json\/wp\/v2\/media?parent=45982"}],"wp:term":[{"taxonomy":"category","embeddable":true,"href":"https:\/\/catolicanet.net\/wp-cnet\/wp-json\/wp\/v2\/categories?post=45982"},{"taxonomy":"post_tag","embeddable":true,"href":"https:\/\/catolicanet.net\/wp-cnet\/wp-json\/wp\/v2\/tags?post=45982"}],"curies":[{"name":"wp","href":"https:\/\/api.w.org\/{rel}","templated":true}]}}