{"id":45979,"date":"2018-12-10T09:26:44","date_gmt":"2018-12-10T11:26:44","guid":{"rendered":"http:\/\/catolicanet.net\/wp-cnet\/?p=45979"},"modified":"2018-12-10T09:26:44","modified_gmt":"2018-12-10T11:26:44","slug":"centro-cultural-missionario-conclui-120a-edicao-de-formacao-cultural-para-estrangeiros","status":"publish","type":"post","link":"https:\/\/catolicanet.net\/wp-cnet\/centro-cultural-missionario-conclui-120a-edicao-de-formacao-cultural-para-estrangeiros\/","title":{"rendered":"Centro Cultural Mission\u00e1rio conclui 120\u00aa edi\u00e7\u00e3o de forma\u00e7\u00e3o cultural para estrangeiros"},"content":{"rendered":"<p>Chegou ao fim, na \u00faltima sexta-feira, 7 de dezembro, o 120\u00ba Curso do Centro de Forma\u00e7\u00e3o Intercultural (Cenfi) do Centro Cultural Mission\u00e1rio (CCM). Ap\u00f3s tr\u00eas meses de aulas, experi\u00eancias com fam\u00edlias do Distrito Federal e forma\u00e7\u00f5es sobre a Igreja no Brasil, 11 mission\u00e1rios partem para seus campos de miss\u00e3o no pa\u00eds.<\/p>\n<div id=\"attachment_204914\" class=\"wp-caption alignleft\"><img loading=\"lazy\" decoding=\"async\" class=\"size-medium wp-image-204914\" src=\"http:\/\/www.cnbb.org.br\/wp-content\/uploads\/sites\/32\/2018\/12\/cenfi120-4-300x126.jpg\" srcset=\"http:\/\/www.cnbb.org.br\/wp-content\/uploads\/sites\/32\/2018\/12\/cenfi120-4-300x126.jpg 300w, http:\/\/www.cnbb.org.br\/wp-content\/uploads\/sites\/32\/2018\/12\/cenfi120-4.jpg 675w\" alt=\"\" width=\"300\" height=\"126\" \/><\/p>\n<p class=\"wp-caption-text\"><em>Foto: CCM\/reprodu\u00e7\u00e3o<\/em><\/p>\n<\/div>\n<p>O curso teve in\u00edcio em setembro e participaram padres, religiosos e religiosas dos seguintes pa\u00edses: Filipinas, Nig\u00e9ria, Haiti, M\u00e9xico, Peru, Bangladesh, Col\u00f4mbia, Jap\u00e3o, It\u00e1lia e Togo.<\/p>\n<p>A coordena\u00e7\u00e3o do curso, oferecido pelo CCM, que \u00e9 um organismo vinculado \u00e0 Confer\u00eancia Nacional dos Bispos do Brasil (CNBB), explica que o curso n\u00e3o \u00e9 apenas de idioma para mission\u00e1rios e mission\u00e1rias.<\/p>\n<p>\u201cEssa iniciativa compreende ao todo quatro \u00e1reas integradas\u201d: vida comunit\u00e1ria, introdu\u00e7\u00e3o sobre a sociedade brasileira e a caminhada da Igreja no pa\u00eds, est\u00e1gio em casas de fam\u00edlias e intera\u00e7\u00e3o com a realidade local e ensino sistem\u00e1tico da L\u00edngua Portuguesa.<\/p>\n<div id=\"attachment_204913\" class=\"wp-caption alignright\"><img loading=\"lazy\" decoding=\"async\" class=\"size-medium wp-image-204913\" src=\"http:\/\/www.cnbb.org.br\/wp-content\/uploads\/sites\/32\/2018\/12\/cenfi120-3-300x126.jpg\" srcset=\"http:\/\/www.cnbb.org.br\/wp-content\/uploads\/sites\/32\/2018\/12\/cenfi120-3-300x126.jpg 300w, http:\/\/www.cnbb.org.br\/wp-content\/uploads\/sites\/32\/2018\/12\/cenfi120-3.jpg 675w\" alt=\"\" width=\"300\" height=\"126\" \/><\/p>\n<p class=\"wp-caption-text\"><em>Foto: CCM\/reprodu\u00e7\u00e3o<\/em><\/p>\n<\/div>\n<p>\u201cA vida comunit\u00e1ria proporciona um valoroso interc\u00e2mbio entre os participantes, vindos de diferentes pa\u00edses, culturas e igrejas, e uma adapta\u00e7\u00e3o \u00e0 vida no Brasil atrav\u00e9s de rela\u00e7\u00f5es fraternas. Portanto um momento \u00fanico de poder criar uma verdadeira comunidade onde ningu\u00e9m se isole\u201d, ressalta a coordena\u00e7\u00e3o do curso.<\/p>\n<p>Durante o curso, inclusive, os mission\u00e1rios t\u00eam a oportunidade de estabelecer contato com diferentes organismos e grupos eclesiais que se re\u00fanem no CCM para encontros, reuni\u00f5es e palestras. H\u00e1 uma aproxima\u00e7\u00e3o significativa com as Pontif\u00edcias Obras Mission\u00e1rias (POM).<\/p>\n<p>&nbsp;<\/p>\n<p>&nbsp;<\/p>\n<p>O pr\u00f3ximo curso do Cenfi acontece de julho a setembro de 2019. <a href=\"https:\/\/www.ccm.org.br\/curso-do-cenfi\/\">Saiba mais.<\/a><\/p>\n","protected":false},"excerpt":{"rendered":"<p>Chegou ao fim, na \u00faltima sexta-feira, 7 de dezembro, o 120\u00ba Curso do Centro de Forma\u00e7\u00e3o Intercultural (Cenfi) do Centro Cultural Mission\u00e1rio (CCM). Ap\u00f3s tr\u00eas meses de aulas, experi\u00eancias com fam\u00edlias do Distrito Federal e forma\u00e7\u00f5es sobre a Igreja no Brasil, 11 mission\u00e1rios partem para seus campos de miss\u00e3o no pa\u00eds. Foto: CCM\/reprodu\u00e7\u00e3o O curso [&hellip;]<\/p>\n","protected":false},"author":1,"featured_media":45980,"comment_status":"open","ping_status":"closed","sticky":false,"template":"","format":"standard","meta":{"footnotes":""},"categories":[7],"tags":[],"class_list":["post-45979","post","type-post","status-publish","format-standard","has-post-thumbnail","hentry","category-cnbb"],"_links":{"self":[{"href":"https:\/\/catolicanet.net\/wp-cnet\/wp-json\/wp\/v2\/posts\/45979","targetHints":{"allow":["GET"]}}],"collection":[{"href":"https:\/\/catolicanet.net\/wp-cnet\/wp-json\/wp\/v2\/posts"}],"about":[{"href":"https:\/\/catolicanet.net\/wp-cnet\/wp-json\/wp\/v2\/types\/post"}],"author":[{"embeddable":true,"href":"https:\/\/catolicanet.net\/wp-cnet\/wp-json\/wp\/v2\/users\/1"}],"replies":[{"embeddable":true,"href":"https:\/\/catolicanet.net\/wp-cnet\/wp-json\/wp\/v2\/comments?post=45979"}],"version-history":[{"count":1,"href":"https:\/\/catolicanet.net\/wp-cnet\/wp-json\/wp\/v2\/posts\/45979\/revisions"}],"predecessor-version":[{"id":45981,"href":"https:\/\/catolicanet.net\/wp-cnet\/wp-json\/wp\/v2\/posts\/45979\/revisions\/45981"}],"wp:featuredmedia":[{"embeddable":true,"href":"https:\/\/catolicanet.net\/wp-cnet\/wp-json\/wp\/v2\/media\/45980"}],"wp:attachment":[{"href":"https:\/\/catolicanet.net\/wp-cnet\/wp-json\/wp\/v2\/media?parent=45979"}],"wp:term":[{"taxonomy":"category","embeddable":true,"href":"https:\/\/catolicanet.net\/wp-cnet\/wp-json\/wp\/v2\/categories?post=45979"},{"taxonomy":"post_tag","embeddable":true,"href":"https:\/\/catolicanet.net\/wp-cnet\/wp-json\/wp\/v2\/tags?post=45979"}],"curies":[{"name":"wp","href":"https:\/\/api.w.org\/{rel}","templated":true}]}}