{"id":45901,"date":"2018-12-06T09:08:13","date_gmt":"2018-12-06T11:08:13","guid":{"rendered":"http:\/\/catolicanet.net\/wp-cnet\/?p=45901"},"modified":"2018-12-06T09:28:54","modified_gmt":"2018-12-06T11:28:54","slug":"45901-2","status":"publish","type":"post","link":"https:\/\/catolicanet.net\/wp-cnet\/45901-2\/","title":{"rendered":"Dom Leonardo: quest\u00e3o ind\u00edgena passa por momento dif\u00edcil no Brasil"},"content":{"rendered":"<div class=\"article__subTitle\">O secret\u00e1rio-geral da CNBB, Dom Leonardo Steiner, fala sobre a preocupa\u00e7\u00e3o da entidade com o futuro da pol\u00edtica indigenista no pa\u00eds.<\/div>\n<div class=\"title__separator\"><\/div>\n<div class=\"article__text\">\n<p><b>Manuela Castro \u2013 Cidade do Vaticano<\/b><\/p>\n<p>Em visita \u00e0 R\u00e1dio Vaticano, <b>Dom Leonardo Ulrich Steiner<\/b>, secret\u00e1rio-geral da CNBB, afirmou em entrevista que a Confer\u00eancia Nacional dos Bispos do Brasil est\u00e1 preocupada com as discuss\u00f5es pol\u00edticas em torno da quest\u00e3o ind\u00edgena no pa\u00eds. Segundo Dom Leonardo, o Brasil vive um momento dif\u00edcil por causa da possibilidade da Funda\u00e7\u00e3o Nacional do \u00cdndio, a Funai, ser incorporada ao Minist\u00e9rio da Agricultura. \u201cPreocupa o fato de um dos futuros ministros ter dito que a Funai ficaria ligada \u00e0 pasta da Agricultura. No meu modo de ver isso \u00e9 grave, isso \u00e9 grav\u00edssimo\u201d, alerta o secret\u00e1rio-geral da CNBB.<\/p>\n<p>Dom Leonardo explica que o Minist\u00e9rio da Agricultura, nos \u00faltimos governos, sempre esteve ligado ao agroneg\u00f3cio, um setor que tem interesse nas terras ind\u00edgenas. Entretanto, segundo o bispo auxiliar de Bras\u00edlia, a CNBB pretende discutir com o novo governo a import\u00e2ncia de garantir que essas terras continuem com seus verdadeiros donos.<\/p>\n<p>\u201cEsperamos estabelecer di\u00e1logo com o governo para que a Funai continue sendo um \u00f3rg\u00e3o do Estado Brasileiro, para poder n\u00e3o apenas proteger os povos ind\u00edgenas, mas tamb\u00e9m ajudar na sa\u00fade e na educa\u00e7\u00e3o dessas pessoas. \u00c9 preciso que tenham espa\u00e7o. A terra para eles n\u00e3o \u00e9 neg\u00f3cio. A terra \u00e9 a casa, \u00e9 o lugar onde a exist\u00eancia tem sentido\u201d, afirma o secret\u00e1rio-geral da CNBB.<\/p>\n<p>Sobre esse assunto, o Conselho Indigenista Mission\u00e1rio, o Cimi, ligado \u00e0 CNBB, emitiu uma nota de rep\u00fadio \u00e0s discuss\u00f5es em andamento no governo de transi\u00e7\u00e3o. A tem\u00e1tica tamb\u00e9m \u00e9 central no pr\u00f3ximo S\u00ednodo dos Bispos em 2019, no Vaticano, que ser\u00e1 sobre a Amaz\u00f4nia.<\/p>\n<p>Ou\u00e7a a entrevista de Dom Leonardo&#8230;<\/p>\n<div>\n<div class=\"article__embed article__embed--unwrap article__embed--dark\">\n<div class=\"article__innerTitle\">Ou\u00e7a a entrevista<\/div>\n<div>\n<!--[if lt IE 9]><script>document.createElement('audio');<\/script><![endif]-->\n<audio class=\"wp-audio-shortcode\" id=\"audio-45901-1\" preload=\"none\" style=\"width: 100%;\" controls=\"controls\"><source type=\"audio\/mpeg\" src=\"https:\/\/media.vaticannews.va\/media\/audio\/s1\/2018\/12\/05\/12\/134759840_F134759840.mp3?_=1\" \/><a href=\"https:\/\/media.vaticannews.va\/media\/audio\/s1\/2018\/12\/05\/12\/134759840_F134759840.mp3\">https:\/\/media.vaticannews.va\/media\/audio\/s1\/2018\/12\/05\/12\/134759840_F134759840.mp3<\/a><\/audio>\n<\/div>\n<\/div>\n<\/div>\n<\/div>\n","protected":false},"excerpt":{"rendered":"<p>O secret\u00e1rio-geral da CNBB, Dom Leonardo Steiner, fala sobre a preocupa\u00e7\u00e3o da entidade com o futuro da pol\u00edtica indigenista no pa\u00eds. Manuela Castro \u2013 Cidade do Vaticano Em visita \u00e0 R\u00e1dio Vaticano, Dom Leonardo Ulrich Steiner, secret\u00e1rio-geral da CNBB, afirmou em entrevista que a Confer\u00eancia Nacional dos Bispos do Brasil est\u00e1 preocupada com as discuss\u00f5es [&hellip;]<\/p>\n","protected":false},"author":1,"featured_media":45902,"comment_status":"open","ping_status":"closed","sticky":false,"template":"","format":"standard","meta":{"footnotes":""},"categories":[3],"tags":[],"class_list":["post-45901","post","type-post","status-publish","format-standard","has-post-thumbnail","hentry","category-vaticano"],"_links":{"self":[{"href":"https:\/\/catolicanet.net\/wp-cnet\/wp-json\/wp\/v2\/posts\/45901","targetHints":{"allow":["GET"]}}],"collection":[{"href":"https:\/\/catolicanet.net\/wp-cnet\/wp-json\/wp\/v2\/posts"}],"about":[{"href":"https:\/\/catolicanet.net\/wp-cnet\/wp-json\/wp\/v2\/types\/post"}],"author":[{"embeddable":true,"href":"https:\/\/catolicanet.net\/wp-cnet\/wp-json\/wp\/v2\/users\/1"}],"replies":[{"embeddable":true,"href":"https:\/\/catolicanet.net\/wp-cnet\/wp-json\/wp\/v2\/comments?post=45901"}],"version-history":[{"count":2,"href":"https:\/\/catolicanet.net\/wp-cnet\/wp-json\/wp\/v2\/posts\/45901\/revisions"}],"predecessor-version":[{"id":45904,"href":"https:\/\/catolicanet.net\/wp-cnet\/wp-json\/wp\/v2\/posts\/45901\/revisions\/45904"}],"wp:featuredmedia":[{"embeddable":true,"href":"https:\/\/catolicanet.net\/wp-cnet\/wp-json\/wp\/v2\/media\/45902"}],"wp:attachment":[{"href":"https:\/\/catolicanet.net\/wp-cnet\/wp-json\/wp\/v2\/media?parent=45901"}],"wp:term":[{"taxonomy":"category","embeddable":true,"href":"https:\/\/catolicanet.net\/wp-cnet\/wp-json\/wp\/v2\/categories?post=45901"},{"taxonomy":"post_tag","embeddable":true,"href":"https:\/\/catolicanet.net\/wp-cnet\/wp-json\/wp\/v2\/tags?post=45901"}],"curies":[{"name":"wp","href":"https:\/\/api.w.org\/{rel}","templated":true}]}}