{"id":45878,"date":"2018-12-05T16:55:56","date_gmt":"2018-12-05T18:55:56","guid":{"rendered":"http:\/\/catolicanet.net\/wp-cnet\/?p=45878"},"modified":"2018-12-05T16:55:56","modified_gmt":"2018-12-05T18:55:56","slug":"caruaru-sedia-seminario-de-preparacao-da-campanha-da-fraternidade-2019","status":"publish","type":"post","link":"https:\/\/catolicanet.net\/wp-cnet\/caruaru-sedia-seminario-de-preparacao-da-campanha-da-fraternidade-2019\/","title":{"rendered":"Caruaru sedia Semin\u00e1rio de prepara\u00e7\u00e3o da Campanha da Fraternidade 2019"},"content":{"rendered":"<p>O regional Nordeste 2 da Confer\u00eancia Nacional dos Bispos do Brasil (CNBB) realizou semin\u00e1rio preparat\u00f3rio para a Campanha da Fraternidade de 2019. O evento foi realizado nos dias 29 e 30 de novembro, em Caruaru (PE), e teve a participa\u00e7\u00e3o de quase todas as 21 igrejas particulares de Alagoas, Para\u00edba, Pernambuco e Rio Grande do Norte.<\/p>\n<p>\u201cNeste ano tivemos a alegria de que quase todas as dioceses participaram. E assim, com certeza, o fruto da Campanha da Fraternidade acontecer\u00e1 em todo nosso regional\u201d, afirmou o secret\u00e1rio executivo, padre Agenor Guedes. O bispo de Garanhuns (PE), dom Paulo Jackson N\u00f3brega de Sousa, \u00e9 o referencial de Campanhas no regional e participou da forma\u00e7\u00e3o com a exposi\u00e7\u00e3o sobre o eixo \u201cjulgar\u201d do texto-base da CF 2019.<\/p>\n<p><a href=\"http:\/\/cnbbne2.org.br\/regional-ne-2-realiza-seminario-de-preparacao-da-campanha-da-fraternidade-2019-em-caruaru\/\">Leia a not\u00edcia completa.<\/a><\/p>\n","protected":false},"excerpt":{"rendered":"<p>O regional Nordeste 2 da Confer\u00eancia Nacional dos Bispos do Brasil (CNBB) realizou semin\u00e1rio preparat\u00f3rio para a Campanha da Fraternidade de 2019. O evento foi realizado nos dias 29 e 30 de novembro, em Caruaru (PE), e teve a participa\u00e7\u00e3o de quase todas as 21 igrejas particulares de Alagoas, Para\u00edba, Pernambuco e Rio Grande do [&hellip;]<\/p>\n","protected":false},"author":1,"featured_media":45895,"comment_status":"open","ping_status":"closed","sticky":false,"template":"","format":"standard","meta":{"footnotes":""},"categories":[7],"tags":[],"class_list":["post-45878","post","type-post","status-publish","format-standard","has-post-thumbnail","hentry","category-cnbb"],"_links":{"self":[{"href":"https:\/\/catolicanet.net\/wp-cnet\/wp-json\/wp\/v2\/posts\/45878","targetHints":{"allow":["GET"]}}],"collection":[{"href":"https:\/\/catolicanet.net\/wp-cnet\/wp-json\/wp\/v2\/posts"}],"about":[{"href":"https:\/\/catolicanet.net\/wp-cnet\/wp-json\/wp\/v2\/types\/post"}],"author":[{"embeddable":true,"href":"https:\/\/catolicanet.net\/wp-cnet\/wp-json\/wp\/v2\/users\/1"}],"replies":[{"embeddable":true,"href":"https:\/\/catolicanet.net\/wp-cnet\/wp-json\/wp\/v2\/comments?post=45878"}],"version-history":[{"count":1,"href":"https:\/\/catolicanet.net\/wp-cnet\/wp-json\/wp\/v2\/posts\/45878\/revisions"}],"predecessor-version":[{"id":45896,"href":"https:\/\/catolicanet.net\/wp-cnet\/wp-json\/wp\/v2\/posts\/45878\/revisions\/45896"}],"wp:featuredmedia":[{"embeddable":true,"href":"https:\/\/catolicanet.net\/wp-cnet\/wp-json\/wp\/v2\/media\/45895"}],"wp:attachment":[{"href":"https:\/\/catolicanet.net\/wp-cnet\/wp-json\/wp\/v2\/media?parent=45878"}],"wp:term":[{"taxonomy":"category","embeddable":true,"href":"https:\/\/catolicanet.net\/wp-cnet\/wp-json\/wp\/v2\/categories?post=45878"},{"taxonomy":"post_tag","embeddable":true,"href":"https:\/\/catolicanet.net\/wp-cnet\/wp-json\/wp\/v2\/tags?post=45878"}],"curies":[{"name":"wp","href":"https:\/\/api.w.org\/{rel}","templated":true}]}}