{"id":4586,"date":"2014-05-14T18:20:25","date_gmt":"2014-05-14T21:20:25","guid":{"rendered":"http:\/\/catolicanet.net\/wp-cnet\/tem-inicio-o-1o-congresso-de-pastorais-da-mobilidade-humana-da-america-latina-e-caribe\/"},"modified":"2017-04-05T13:37:23","modified_gmt":"2017-04-05T16:37:23","slug":"tem-inicio-o-1o-congresso-de-pastorais-da-mobilidade-humana-da-america-latina-e-caribe","status":"publish","type":"post","link":"https:\/\/catolicanet.net\/wp-cnet\/tem-inicio-o-1o-congresso-de-pastorais-da-mobilidade-humana-da-america-latina-e-caribe\/","title":{"rendered":"Tem in\u00edcio o 1\u00ba Congresso de Pastorais da Mobilidade Humana da Am\u00e9rica Latina e Caribe"},"content":{"rendered":"<p style=\"text-align: justify;\"><img decoding=\"async\" src=\"http:\/\/catolicanet.com.br\/images\/stories\/icongressomobilidade.jpg\" border=\"0\" align=\"left\" \/>Com a finalidade de aprofundar a tem\u00e1tica da mobilidade humana e articular as pastorais do setor, realiza-se, de 12 a 16 de maio, o 1\u00ba Congresso de Pastorais da Mobilidade Humana da Am\u00e9rica Latina e Caribe. O evento acontece no Panam\u00e1 e re\u00fane representantes de diversas pastorais e organiza\u00e7\u00f5es, como o\u00a0 Apostolado do Mar, Pastoral Rodovi\u00e1ria, Pastoral dos N\u00f4mades, Pastoral do Turismo, Pastoral dos Refugiados e Imigrantes for\u00e7ados, Pastoral dos Itinerantes e Migrantes, N\u00facleo dos Estudantes internacionais, Pastoral das Migra\u00e7\u00f5es (Servi\u00e7o Pastoral dos Migrantes, Miss\u00e3o Cat\u00f3lica Polonesa, Pastoral Nipo-Brasileira).<\/p>\n<p>O Congresso \u00e9 organizado pelo Departamento de Justi\u00e7a e Solidariedade do Conselho Episcopal Latino-Americano (Celam), junto com o Secretariado Latino-americano e Caribenho de C\u00e1ritas-Selacc, Rede Jesu\u00edta dos Migrantes (RJM), Scalabrini International Migration Network (SIMN) e as Irm\u00e3s Mission\u00e1rias Scalabrinianas.<\/p>\n<p>A Pastoral da Mobilidade humana realizou diversos encontros regionais sobre o tema, mas este ser\u00e1 o primeiro Congresso a unificar os esfor\u00e7os de uma pastoral complexa, nos \u00faltimos anos, marcada por situa\u00e7\u00f5es de viol\u00eancia contra migrantes.<\/p>\n<p>De acordo com a organiza\u00e7\u00e3o do Congresso, na ocasi\u00e3o haver\u00e1 o estudo, \u00e0 luz da f\u00e9, do fen\u00f4meno social da mobilidade humana, com foco nas injusti\u00e7as e no desrespeito aos direitos do povo em mobilidade. A partir de pesquisa e reflex\u00e3o, o Congresso quer colaborar na implementa\u00e7\u00e3o de pol\u00edticas eficientes na promo\u00e7\u00e3o e defesa de direitos do ser humano em mobilidade.<\/p>\n<p>Al\u00e9m disso, pretende manter articula\u00e7\u00f5es e parcerias com outras pastorais, entidades civis e governamentais que tenham finalidades an\u00e1logas.<\/p>\n<p><strong>Delega\u00e7\u00e3o brasileira<\/strong><\/p>\n<p>Entre os delegados de 22 pa\u00edses da Am\u00e9rica Latina e Caribe, est\u00e3o presentes os representantes brasileiros: o presidente Nacional da Pastoral dos N\u00f4mades do Brasil \u2013 Mobilidade Humana, dom Jos\u00e9 Edson Santana Oliveira; Dom Jose Carlos\u00a0 Chacorowski,\u00a0 da pastoral Rodovi\u00e1ria; padre Wallace Zanon, padre Jorge Pierozan, Zanata Dantas e Marcondes Dantas, da Pastoral dos N\u00f4mades, e as religiosas Rosita Milesi e Claudina Scapini, do Setor de Mobilidade Humana da CNBB. <\/p>\n<p><strong>Fonte:<\/strong> CNBB<\/p>\n","protected":false},"excerpt":{"rendered":"<p>Com a finalidade de aprofundar a tem\u00e1tica da mobilidade humana e articular as pastorais do setor, realiza-se, de 12 a 16 de maio, o 1\u00ba Congresso de Pastorais da Mobilidade Humana da Am\u00e9rica Latina e Caribe. O evento acontece no Panam\u00e1 e re\u00fane representantes de diversas pastorais e organiza\u00e7\u00f5es, como o\u00a0 Apostolado do Mar, Pastoral [&hellip;]<\/p>\n","protected":false},"author":1,"featured_media":0,"comment_status":"closed","ping_status":"closed","sticky":false,"template":"","format":"standard","meta":{"footnotes":""},"categories":[7],"tags":[],"class_list":["post-4586","post","type-post","status-publish","format-standard","hentry","category-cnbb"],"_links":{"self":[{"href":"https:\/\/catolicanet.net\/wp-cnet\/wp-json\/wp\/v2\/posts\/4586","targetHints":{"allow":["GET"]}}],"collection":[{"href":"https:\/\/catolicanet.net\/wp-cnet\/wp-json\/wp\/v2\/posts"}],"about":[{"href":"https:\/\/catolicanet.net\/wp-cnet\/wp-json\/wp\/v2\/types\/post"}],"author":[{"embeddable":true,"href":"https:\/\/catolicanet.net\/wp-cnet\/wp-json\/wp\/v2\/users\/1"}],"replies":[{"embeddable":true,"href":"https:\/\/catolicanet.net\/wp-cnet\/wp-json\/wp\/v2\/comments?post=4586"}],"version-history":[{"count":1,"href":"https:\/\/catolicanet.net\/wp-cnet\/wp-json\/wp\/v2\/posts\/4586\/revisions"}],"predecessor-version":[{"id":9479,"href":"https:\/\/catolicanet.net\/wp-cnet\/wp-json\/wp\/v2\/posts\/4586\/revisions\/9479"}],"wp:attachment":[{"href":"https:\/\/catolicanet.net\/wp-cnet\/wp-json\/wp\/v2\/media?parent=4586"}],"wp:term":[{"taxonomy":"category","embeddable":true,"href":"https:\/\/catolicanet.net\/wp-cnet\/wp-json\/wp\/v2\/categories?post=4586"},{"taxonomy":"post_tag","embeddable":true,"href":"https:\/\/catolicanet.net\/wp-cnet\/wp-json\/wp\/v2\/tags?post=4586"}],"curies":[{"name":"wp","href":"https:\/\/api.w.org\/{rel}","templated":true}]}}