{"id":4584,"date":"2014-05-14T18:11:14","date_gmt":"2014-05-14T21:11:14","guid":{"rendered":"http:\/\/catolicanet.net\/wp-cnet\/diocese-de-santarem-realiza-assembleia-de-pastoral\/"},"modified":"2017-04-05T13:36:16","modified_gmt":"2017-04-05T16:36:16","slug":"diocese-de-santarem-realiza-assembleia-de-pastoral","status":"publish","type":"post","link":"https:\/\/catolicanet.net\/wp-cnet\/diocese-de-santarem-realiza-assembleia-de-pastoral\/","title":{"rendered":"Diocese de Santar\u00e9m realiza Assembleia de Pastoral"},"content":{"rendered":"<p style=\"text-align: justify;\"><img decoding=\"async\" src=\"http:\/\/catolicanet.com.br\/images\/stories\/cartazsantarem.jpg\" border=\"0\" align=\"left\" \/>Com o tema &#8220;Eu vim para que todos tenham vida, e vida em abund\u00e2ncia&#8221; (Jo 10,10),\u00a0 ser\u00e1 realizada a 8\u00aa Assembleia de Pastoral da diocese de Santar\u00e9m (PA), de 15 a 18 de maio, no semin\u00e1rio S\u00e3o Pio X. Na ocasi\u00e3o, ser\u00e1 feita uma avalia\u00e7\u00e3o da caminhada pastoral da diocese nos \u00faltimos seis anos, a partir das realidades rural e urbana. <\/p>\n<p>Durante o evento, ser\u00e3o discutidas as diretrizes e as prioridades de a\u00e7\u00f5es pastorais da diocese para os pr\u00f3ximos anos. <\/p>\n<p>A Assembleia\u00a0 reunir\u00e1 cerca de 300 pessoas entre lideran\u00e7as comunit\u00e1rias, padres, religiosos, representantes de movimentos eclesiais e de equipes diocesanas de servi\u00e7o. Contar\u00e1 com a presen\u00e7a\u00a0 do bispo diocesano, dom m Fl\u00e1vio Giovenale.<\/p>\n<p>A programa\u00e7\u00e3o inclui\u00a0 missas, momentos de forma\u00e7\u00e3o e reflex\u00f5es.<\/p>\n<p style=\"text-align: justify;\">\u00a0<\/p>\n<p style=\"text-align: justify;\"><strong>Fonte: <\/strong>CNBB<\/p>\n","protected":false},"excerpt":{"rendered":"<p>Com o tema &#8220;Eu vim para que todos tenham vida, e vida em abund\u00e2ncia&#8221; (Jo 10,10),\u00a0 ser\u00e1 realizada a 8\u00aa Assembleia de Pastoral da diocese de Santar\u00e9m (PA), de 15 a 18 de maio, no semin\u00e1rio S\u00e3o Pio X. Na ocasi\u00e3o, ser\u00e1 feita uma avalia\u00e7\u00e3o da caminhada pastoral da diocese nos \u00faltimos seis anos, a [&hellip;]<\/p>\n","protected":false},"author":1,"featured_media":0,"comment_status":"closed","ping_status":"closed","sticky":false,"template":"","format":"standard","meta":{"footnotes":""},"categories":[4],"tags":[],"class_list":["post-4584","post","type-post","status-publish","format-standard","hentry","category-cotidiano"],"_links":{"self":[{"href":"https:\/\/catolicanet.net\/wp-cnet\/wp-json\/wp\/v2\/posts\/4584","targetHints":{"allow":["GET"]}}],"collection":[{"href":"https:\/\/catolicanet.net\/wp-cnet\/wp-json\/wp\/v2\/posts"}],"about":[{"href":"https:\/\/catolicanet.net\/wp-cnet\/wp-json\/wp\/v2\/types\/post"}],"author":[{"embeddable":true,"href":"https:\/\/catolicanet.net\/wp-cnet\/wp-json\/wp\/v2\/users\/1"}],"replies":[{"embeddable":true,"href":"https:\/\/catolicanet.net\/wp-cnet\/wp-json\/wp\/v2\/comments?post=4584"}],"version-history":[{"count":1,"href":"https:\/\/catolicanet.net\/wp-cnet\/wp-json\/wp\/v2\/posts\/4584\/revisions"}],"predecessor-version":[{"id":9477,"href":"https:\/\/catolicanet.net\/wp-cnet\/wp-json\/wp\/v2\/posts\/4584\/revisions\/9477"}],"wp:attachment":[{"href":"https:\/\/catolicanet.net\/wp-cnet\/wp-json\/wp\/v2\/media?parent=4584"}],"wp:term":[{"taxonomy":"category","embeddable":true,"href":"https:\/\/catolicanet.net\/wp-cnet\/wp-json\/wp\/v2\/categories?post=4584"},{"taxonomy":"post_tag","embeddable":true,"href":"https:\/\/catolicanet.net\/wp-cnet\/wp-json\/wp\/v2\/tags?post=4584"}],"curies":[{"name":"wp","href":"https:\/\/api.w.org\/{rel}","templated":true}]}}