{"id":4580,"date":"2014-05-13T13:57:48","date_gmt":"2014-05-13T16:57:48","guid":{"rendered":"http:\/\/catolicanet.net\/wp-cnet\/nota-em-favor-do-acolhimento-digno-aos-imigrantes-no-brasil\/"},"modified":"2017-04-05T13:29:20","modified_gmt":"2017-04-05T16:29:20","slug":"nota-em-favor-do-acolhimento-digno-aos-imigrantes-no-brasil","status":"publish","type":"post","link":"https:\/\/catolicanet.net\/wp-cnet\/nota-em-favor-do-acolhimento-digno-aos-imigrantes-no-brasil\/","title":{"rendered":"Nota em favor do acolhimento digno aos imigrantes no Brasil"},"content":{"rendered":"<p style=\"text-align: center;\"><img decoding=\"async\" src=\"http:\/\/catolicanet.com.br\/images\/stories\/logocnbb.jpg\" border=\"0\" \/><\/p>\n<p>Por meio de nota, aprovada na \u00faltima Assembleia Geral, realizada de 30 de abril a 9 de maio, em Aparecida (SP), a Confer\u00eancia Nacional dos Bispos do Brasil (CNBB) expressa \u201csolidariedade aos imigrantes que aportam no pa\u00eds em busca de trabalho e vida digna\u201d, com especial aten\u00e7\u00e3o ao haitianos. De acordo com o texto, no Haiti, \u201ca pobreza e a falta de condi\u00e7\u00f5es de vida provocam h\u00e1 anos um verdadeiro \u00eaxodo migrat\u00f3rio\u201d.<\/p>\n<p>Na nota, os bispos recordam que muitos imigrantes que chegam no Brasil em busca de oportunidade s\u00e3o \u201cv\u00edtimas de diversas formas de explora\u00e7\u00e3o ou mesmo de tr\u00e1fico humano e de abandono do poder p\u00fablico\u201d. Pedem \u00e0s autoridades p\u00fablicas e aos organismo internacionais para que \u201ccombatam eficazmente esta deplor\u00e1vel situa\u00e7\u00e3o com a defini\u00e7\u00e3o de efetiva pol\u00edtica migrat\u00f3ria e de pol\u00edticas p\u00fablicas que favore\u00e7am a integra\u00e7\u00e3o social, laboral e cultural de todos os imigrantes\u201d.<\/p>\n<p>Quanto ao Haiti, os bispos fazem um apelo aos governos brasileiros e de outros pa\u00edses para que \u201cintensifiquem os esfor\u00e7os para a reconstru\u00e7\u00e3o deste pa\u00eds\u201d.<\/p>\n<p>Leia, na \u00edntegra, a nota: <\/p>\n<p>NOTA EM FAVOR DO ACOLHIMENTO DIGNO AOS IMIGRANTES NO BRASIL<\/p>\n<p>&#8220;Eu era e estrangeiro e me acolhestes&#8221; (Mt 25,35)<\/p>\n<p>N\u00f3s, Bispos reunidos na 52\u00aa Assembleia Geral da Confer\u00eancia Nacional dos Bispos do Brasil-CNBB, em Aparecida, SP, expressamos nossa solidariedade aos imigrantes que aportam em nosso pa\u00eds em busca de trabalho e de vida digna, com paz e seguran\u00e7a. A esse seu direito corresponde o dever das autoridades governamentais de propiciar-lhes acolhimento compat\u00edvel com sua dignidade de filhos e filhas de Deus.<\/p>\n<p>Nosso sentimento crist\u00e3o n\u00e3o nos deixa insens\u00edveis diante do sofrimento de todos os imigrantes haitianos, senegaleses, bengalis, bolivianos e de tantas outras nacionalidades que chegam ao nosso pa\u00eds. Manifestamos especial reconhecimento \u00e0s Igrejas em Rio Branco (AC), Manaus (AM), S\u00e3o Paulo (SP) e em outros lugares que, atrav\u00e9s das Par\u00f3quias, Congrega\u00e7\u00f5es e Pastorais, nos \u00faltimos anos, t\u00eam acolhido in\u00fameros desses irm\u00e3os que chegam \u00e0 nossa terra de forma t\u00e3o prec\u00e1ria.<\/p>\n<p>O Brasil tem grande tradi\u00e7\u00e3o de acolhimento de imigrantes que buscam oportunidade para reconstruir sua vida. Eles v\u00eam dispostos a contribuir com seu trabalho o desenvolvimento do Pa\u00eds. Lamentamos, no entanto, que muitos deles sejam v\u00edtimas de diversas formas de explora\u00e7\u00e3o ou mesmo de tr\u00e1fico humano e de abandono do poder p\u00fablico. Instamos, pois, as autoridades p\u00fablicas e os organismos internacionais a que combatam eficazmente esta deplor\u00e1vel situa\u00e7\u00e3o com a defini\u00e7\u00e3o de efetiva pol\u00edtica migrat\u00f3ria e de pol\u00edticas p\u00fablicas que favore\u00e7am a integra\u00e7\u00e3o social, laboral e cultural de todos os imigrantes. Que o governo federal, em uni\u00e3o com os governos estaduais e municipais, avance com mais efetividade na cria\u00e7\u00e3o de condi\u00e7\u00f5es que garantam acolhida digna aos imigrantes, bem como a documenta\u00e7\u00e3o de que necessitam, sua inser\u00e7\u00e3o laboral, seu acesso \u00e0s pol\u00edticas sociais e aos direitos que a Constitui\u00e7\u00e3o Federal lhes assegura.<\/p>\n<p>Chamamos a aten\u00e7\u00e3o especialmente para o Haiti onde a pobreza e a falta de condi\u00e7\u00f5es de vida h\u00e1 anos provocam verdadeiro \u00eaxodo migrat\u00f3rio. Ap\u00f3s o terremoto de 2010 a situa\u00e7\u00e3o se agravou e precarizou ainda mais sua realidade social e pol\u00edtica. A Igreja do Brasil est\u00e1 presente no Haiti com uma atividade mission\u00e1ria e assistencial intensa, ajudando na reconstru\u00e7\u00e3o social e na promo\u00e7\u00e3o humana de seu povo. Reiteramos nosso apelo aos governos brasileiro e de outros pa\u00edses que, em n\u00edvel internacional, intensifiquem os esfor\u00e7os para a reconstru\u00e7\u00e3o deste pa\u00eds, sobretudo de sua capital Porto Pr\u00edncipe, onde 350 mil de seus habitantes vivem em 496 acampamentos.<\/p>\n<p>Cuidemos todos, diante da exigente realidade de tantos imigrantes em nosso pa\u00eds, para n\u00e3o cair na \u201cglobaliza\u00e7\u00e3o da indiferen\u00e7a\u201d, que nos torna insens\u00edveis ao sofrimento e \u00e0 dor destes nossos irm\u00e3os. Ecoe, especialmente no cora\u00e7\u00e3o dos crist\u00e3os, a palavra de Jesus Cristo: &#8220;Eu era e estrangeiro e me acolhestes&#8221; (Mt 25, 35).<\/p>\n<p>Nossa Senhora Aparecida, M\u00e3e dos Migrantes, nos ajude a viver a solidariedade e o servi\u00e7o a nossos irm\u00e3os e irm\u00e3s imigrantes.<\/p>\n<p>Aparecida-SP, 09 de maio de 2014.<\/p>\n<p>Cardeal Raymundo Damasceno Assis<br \/>Arcebispo de Aparecida (SP)<br \/>Presidente da CNBB<\/p>\n<p>Dom Jos\u00e9 Belis\u00e1rio<br \/>Arcebispo de S\u00e3o Lu\u00eds (MA)<br \/>Vice-presidente da CNBB<\/p>\n<p>Dom Leonardo Ulrich Steiner<\/p>\n<p>Bispo Auxiliar de Bras\u00edlia<br \/>Secret\u00e1rio Geral da CNBB<\/p>\n","protected":false},"excerpt":{"rendered":"<p>Por meio de nota, aprovada na \u00faltima Assembleia Geral, realizada de 30 de abril a 9 de maio, em Aparecida (SP), a Confer\u00eancia Nacional dos Bispos do Brasil (CNBB) expressa \u201csolidariedade aos imigrantes que aportam no pa\u00eds em busca de trabalho e vida digna\u201d, com especial aten\u00e7\u00e3o ao haitianos. De acordo com o texto, no [&hellip;]<\/p>\n","protected":false},"author":1,"featured_media":0,"comment_status":"closed","ping_status":"closed","sticky":false,"template":"","format":"standard","meta":{"footnotes":""},"categories":[7],"tags":[],"class_list":["post-4580","post","type-post","status-publish","format-standard","hentry","category-cnbb"],"_links":{"self":[{"href":"https:\/\/catolicanet.net\/wp-cnet\/wp-json\/wp\/v2\/posts\/4580","targetHints":{"allow":["GET"]}}],"collection":[{"href":"https:\/\/catolicanet.net\/wp-cnet\/wp-json\/wp\/v2\/posts"}],"about":[{"href":"https:\/\/catolicanet.net\/wp-cnet\/wp-json\/wp\/v2\/types\/post"}],"author":[{"embeddable":true,"href":"https:\/\/catolicanet.net\/wp-cnet\/wp-json\/wp\/v2\/users\/1"}],"replies":[{"embeddable":true,"href":"https:\/\/catolicanet.net\/wp-cnet\/wp-json\/wp\/v2\/comments?post=4580"}],"version-history":[{"count":1,"href":"https:\/\/catolicanet.net\/wp-cnet\/wp-json\/wp\/v2\/posts\/4580\/revisions"}],"predecessor-version":[{"id":9473,"href":"https:\/\/catolicanet.net\/wp-cnet\/wp-json\/wp\/v2\/posts\/4580\/revisions\/9473"}],"wp:attachment":[{"href":"https:\/\/catolicanet.net\/wp-cnet\/wp-json\/wp\/v2\/media?parent=4580"}],"wp:term":[{"taxonomy":"category","embeddable":true,"href":"https:\/\/catolicanet.net\/wp-cnet\/wp-json\/wp\/v2\/categories?post=4580"},{"taxonomy":"post_tag","embeddable":true,"href":"https:\/\/catolicanet.net\/wp-cnet\/wp-json\/wp\/v2\/tags?post=4580"}],"curies":[{"name":"wp","href":"https:\/\/api.w.org\/{rel}","templated":true}]}}