{"id":45697,"date":"2018-12-03T10:06:58","date_gmt":"2018-12-03T12:06:58","guid":{"rendered":"http:\/\/catolicanet.net\/wp-cnet\/?p=45697"},"modified":"2018-12-03T10:06:58","modified_gmt":"2018-12-03T12:06:58","slug":"dom-murilo-os-dias-atuais-estao-nos-mostrando-que-o-maniqueismo-continua-vivo","status":"publish","type":"post","link":"https:\/\/catolicanet.net\/wp-cnet\/dom-murilo-os-dias-atuais-estao-nos-mostrando-que-o-maniqueismo-continua-vivo\/","title":{"rendered":"Dom Murilo: \u201cOs dias atuais est\u00e3o nos mostrando que o manique\u00edsmo continua vivo\u201d"},"content":{"rendered":"<p>\u201cN\u00e3o h\u00e1 nada de novo debaixo do sol.\u201d O arcebispo de Salvador, dom Murilo Krieger usou essa frase do Livro do Eclesiastes (1,10) ao refletir sobre o momento pelo qual passa o Brasil. De acordo com ele, as elei\u00e7\u00f5es terminaram, mas os confrontos verbais, n\u00e3o. \u201cParece que continuamos em campanha eleitoral \u2013 a campanha de 2018, que dividiu os brasileiros entre bons (os do meu lado) e maus (os do outro lado)\u201d, disse. Eu seu artigo \u201cOs novos maniqueus\u201d, o bispo afirma que essa radicaliza\u00e7\u00e3o n\u00e3o \u00e9 nova. \u201cQuais ondas que v\u00e3o e v\u00eam, as ideias e os comportamentos humanos se repetem ao longo dos s\u00e9culos\u201d, enfatizou.<\/p>\n<p>Dom Murilo explica que na metade do s\u00e9culo terceiro de nossa era, Mani (ou Manes), que morava na antiga P\u00e9rsia (hoje: Ir\u00e3), difundiu uma doutrina filos\u00f3fico-religiosa que defendia o dualismo entre dois princ\u00edpios opostos: o bem e o mal. Segundo ele, h\u00e1 uma oposi\u00e7\u00e3o permanente entre a luz (o bem) e as trevas (o mal). Suas ideias, que deram origem ao manique\u00edsmo, tiveram profunda influ\u00eancia em sua \u00e9poca, a ponto de Santo Agostinho, antes de sua convers\u00e3o, t\u00ea-las abra\u00e7ado; convertido, tornou-se um ferrenho advers\u00e1rio dessa vis\u00e3o de mundo.<\/p>\n<div id=\"attachment_180222\" class=\"wp-caption alignright\"><img loading=\"lazy\" decoding=\"async\" class=\"wp-image-180222 size-full\" src=\"http:\/\/www.cnbb.org.br\/wp-content\/uploads\/sites\/32\/2018\/04\/dom_murilo2012salvador.jpg\" alt=\"\" width=\"250\" height=\"267\" \/><\/p>\n<p class=\"wp-caption-text\">Dom Murilo Krieger, arcebispo de Salvador<\/p>\n<\/div>\n<p>S\u00e9culos mais tarde (s\u00e9c. XI), dom Murilo argumenta que as ideias manique\u00edstas voltaram a ter evid\u00eancia, agora, na Europa e, particularmente, na Fran\u00e7a. \u201cEsses novos maniqueus pertenciam \u00e0 seita dos c\u00e1taros ou albigenses\u201d, diz. Periodicamente, segundo dom Murilo o manique\u00edsmo ressurge aqui e ali, n\u00e3o tanto como doutrina, mas como concep\u00e7\u00e3o de vida, como atitude pr\u00e1tica.<\/p>\n<p>\u201cDivide-se a humanidade em dois grupos que, qual \u00f3leo e \u00e1gua, se encontram, mas n\u00e3o se misturam. O outro \u00e9 visto como um advers\u00e1rio, um ser perigoso, um inimigo. O outro s\u00f3 tem defeitos, \u00e9 mau, deve ser exterminado a qualquer custo. O outro \u00e9 um dem\u00f4nio. J\u00e1 a pr\u00f3pria maneira de pensar \u00e9 s\u00e1bia, mesmo que muitas vezes se contradiga. A sociedade fica, ent\u00e3o, dividida. Pior: quanto mais o outro \u2013 isto \u00e9, o inimigo a ser destru\u00eddo \u2013 fracassar, melhor, pois, ent\u00e3o, o \u201cbem\u201d triunfar\u00e1\u201d, aponta o bispo.<\/p>\n<p>Dom Murilo Krieger declara que todos t\u00eam dificuldades de conviver com o diferente, com quem pensa de modo diverso. \u201cInconscientemente, sonhamos com uma sociedade em que todos teriam o mesmo partido pol\u00edtico, a mesma religi\u00e3o, o mesmo time de futebol, o mesmo modo de pensar\u201d, alega. De acordo com ele, os sistemas totalit\u00e1rios, de direita e de esquerda, alimentam-se desse sonho, e \u201cd\u00e3o no que d\u00e3o\u201d.<\/p>\n<p>E ent\u00e3o o arcebispo diz que viver \u00e9 conviver. \u201cViv\u00eassemos em uma ilha, tendo tudo o que fosse necess\u00e1rio \u00e0 nossa disposi\u00e7\u00e3o, ser\u00edamos terrivelmente pobres. Pobres e ego\u00edstas. O diferente nos enriquece, pois nos leva a um melhor autoconhecimento. Conviver \u00e9 respeitar; \u00e9 ter a capacidade de ouvir, para se enriquecer com outras maneiras de pensar e de ver o mundo. J\u00e1 imaginaram quanto triste e deprimente seria um mundo de rob\u00f4s?\u201d, salienta.<\/p>\n<p>E finaliza: \u201cOs dias atuais est\u00e3o nos mostrando que o manique\u00edsmo continua vivo. E, como todo \u2018ismo\u2019, \u00e9 ideol\u00f3gico e empobrecedor\u201d.<\/p>\n","protected":false},"excerpt":{"rendered":"<p>\u201cN\u00e3o h\u00e1 nada de novo debaixo do sol.\u201d O arcebispo de Salvador, dom Murilo Krieger usou essa frase do Livro do Eclesiastes (1,10) ao refletir sobre o momento pelo qual passa o Brasil. De acordo com ele, as elei\u00e7\u00f5es terminaram, mas os confrontos verbais, n\u00e3o. \u201cParece que continuamos em campanha eleitoral \u2013 a campanha de [&hellip;]<\/p>\n","protected":false},"author":1,"featured_media":45698,"comment_status":"open","ping_status":"closed","sticky":false,"template":"","format":"standard","meta":{"footnotes":""},"categories":[7],"tags":[],"class_list":["post-45697","post","type-post","status-publish","format-standard","has-post-thumbnail","hentry","category-cnbb"],"_links":{"self":[{"href":"https:\/\/catolicanet.net\/wp-cnet\/wp-json\/wp\/v2\/posts\/45697","targetHints":{"allow":["GET"]}}],"collection":[{"href":"https:\/\/catolicanet.net\/wp-cnet\/wp-json\/wp\/v2\/posts"}],"about":[{"href":"https:\/\/catolicanet.net\/wp-cnet\/wp-json\/wp\/v2\/types\/post"}],"author":[{"embeddable":true,"href":"https:\/\/catolicanet.net\/wp-cnet\/wp-json\/wp\/v2\/users\/1"}],"replies":[{"embeddable":true,"href":"https:\/\/catolicanet.net\/wp-cnet\/wp-json\/wp\/v2\/comments?post=45697"}],"version-history":[{"count":1,"href":"https:\/\/catolicanet.net\/wp-cnet\/wp-json\/wp\/v2\/posts\/45697\/revisions"}],"predecessor-version":[{"id":45699,"href":"https:\/\/catolicanet.net\/wp-cnet\/wp-json\/wp\/v2\/posts\/45697\/revisions\/45699"}],"wp:featuredmedia":[{"embeddable":true,"href":"https:\/\/catolicanet.net\/wp-cnet\/wp-json\/wp\/v2\/media\/45698"}],"wp:attachment":[{"href":"https:\/\/catolicanet.net\/wp-cnet\/wp-json\/wp\/v2\/media?parent=45697"}],"wp:term":[{"taxonomy":"category","embeddable":true,"href":"https:\/\/catolicanet.net\/wp-cnet\/wp-json\/wp\/v2\/categories?post=45697"},{"taxonomy":"post_tag","embeddable":true,"href":"https:\/\/catolicanet.net\/wp-cnet\/wp-json\/wp\/v2\/tags?post=45697"}],"curies":[{"name":"wp","href":"https:\/\/api.w.org\/{rel}","templated":true}]}}