{"id":45675,"date":"2018-11-30T09:15:07","date_gmt":"2018-11-30T11:15:07","guid":{"rendered":"http:\/\/catolicanet.net\/wp-cnet\/?p=45675"},"modified":"2018-11-30T09:15:07","modified_gmt":"2018-11-30T11:15:07","slug":"organizacoes-e-movimentos-sociais-brasileiros-prestam-solidariedade-a-cnbb","status":"publish","type":"post","link":"https:\/\/catolicanet.net\/wp-cnet\/organizacoes-e-movimentos-sociais-brasileiros-prestam-solidariedade-a-cnbb\/","title":{"rendered":"Organiza\u00e7\u00f5es e movimentos sociais brasileiros prestam solidariedade \u00e0 CNBB"},"content":{"rendered":"<p>Um conjunto de 31 entidades entregou ao secret\u00e1rio-geral da CNBB, dom Leonardo Steiner, na manh\u00e3 do dia 29 de novembro um \u201cManifesto de Solidariedade \u00e0 Confer\u00eancia Nacional dos Bispos do Brasil\u201d. Entidades como a Confedera\u00e7\u00e3o Nacional dos Trabalhadores em Educa\u00e7\u00e3o, entre outras, assinam a nota datada de 22 de outubro de 2018.<\/p>\n<p>No documento, as entidades tornam p\u00fablico seu reconhecimento e respeito pela CNBB que \u201csempre desempenhou nos mais graves momentos de nossa hist\u00f3ria, papel decisivo na constru\u00e7\u00e3o de media\u00e7\u00f5es e na resolu\u00e7\u00e3o de conflitos, com o objetivo de estabelecer rela\u00e7\u00f5es respeitosas e equilibradas entre os diferentes segmentos da sociedade em sintonia com a ordem constitucional democr\u00e1tica\u201d.<\/p>\n<p>O Manifesto refor\u00e7a ainda que a CNBB mant\u00e9m viva em na sociedade brasileira o dever de acolhimento e cuidado dos mais vulner\u00e1veis e perseguidos. Esse trabalho, regido por fundamentos crist\u00e3os e \u00e9ticos, segundo o documento, tem assegurado direitos fundamentais, entre eles o direito \u00e0 liberdade e a padr\u00f5es dignos de vida para o povo brasileiro em geral.<\/p>\n<div id=\"attachment_204606\" class=\"wp-caption alignright\"><img loading=\"lazy\" decoding=\"async\" class=\"wp-image-204606 size-medium\" src=\"http:\/\/www.cnbb.org.br\/wp-content\/uploads\/sites\/32\/2018\/11\/Entidades2-300x169.jpg\" srcset=\"http:\/\/www.cnbb.org.br\/wp-content\/uploads\/sites\/32\/2018\/11\/Entidades2-300x169.jpg 300w, http:\/\/www.cnbb.org.br\/wp-content\/uploads\/sites\/32\/2018\/11\/Entidades2-768x432.jpg 768w, http:\/\/www.cnbb.org.br\/wp-content\/uploads\/sites\/32\/2018\/11\/Entidades2.jpg 1000w\" alt=\"\" width=\"300\" height=\"169\" \/><\/p>\n<p class=\"wp-caption-text\">Representantes das organiza\u00e7\u00f5es. Foto: Assessoria de Imprensa CNBB\/Daniel Flores<\/p>\n<\/div>\n<p>Em nome da presid\u00eancia da entidade, o secret\u00e1rio-geral da CNBB, agradeceu a express\u00e3o de solidariedade das organiza\u00e7\u00f5es. Dom Leonardo lembrou das notas e pronunciamentos da CNBB que se pronunciou sempre a favor dos interesses do povo brasileiro.<\/p>\n<p>Segundo ele, estamos vivendo um momento extremamente exigente que corresponde \u00e0 entrada do povo de Deus no deserto, lugar de b\u00ean\u00e7\u00e3o e esperan\u00e7a. \u201cN\u00e3o foi no Egito ou na Terra da Promessa, mas no deserto que se constituiu o povo de Deus\u201d, disse. Em meio as dificuldades do deserto, lembrou dom Leonardo, havia uma certeza: Deus caminha com o povo.<\/p>\n","protected":false},"excerpt":{"rendered":"<p>Um conjunto de 31 entidades entregou ao secret\u00e1rio-geral da CNBB, dom Leonardo Steiner, na manh\u00e3 do dia 29 de novembro um \u201cManifesto de Solidariedade \u00e0 Confer\u00eancia Nacional dos Bispos do Brasil\u201d. Entidades como a Confedera\u00e7\u00e3o Nacional dos Trabalhadores em Educa\u00e7\u00e3o, entre outras, assinam a nota datada de 22 de outubro de 2018. No documento, as [&hellip;]<\/p>\n","protected":false},"author":1,"featured_media":45676,"comment_status":"open","ping_status":"closed","sticky":false,"template":"","format":"standard","meta":{"footnotes":""},"categories":[7],"tags":[],"class_list":["post-45675","post","type-post","status-publish","format-standard","has-post-thumbnail","hentry","category-cnbb"],"_links":{"self":[{"href":"https:\/\/catolicanet.net\/wp-cnet\/wp-json\/wp\/v2\/posts\/45675","targetHints":{"allow":["GET"]}}],"collection":[{"href":"https:\/\/catolicanet.net\/wp-cnet\/wp-json\/wp\/v2\/posts"}],"about":[{"href":"https:\/\/catolicanet.net\/wp-cnet\/wp-json\/wp\/v2\/types\/post"}],"author":[{"embeddable":true,"href":"https:\/\/catolicanet.net\/wp-cnet\/wp-json\/wp\/v2\/users\/1"}],"replies":[{"embeddable":true,"href":"https:\/\/catolicanet.net\/wp-cnet\/wp-json\/wp\/v2\/comments?post=45675"}],"version-history":[{"count":1,"href":"https:\/\/catolicanet.net\/wp-cnet\/wp-json\/wp\/v2\/posts\/45675\/revisions"}],"predecessor-version":[{"id":45677,"href":"https:\/\/catolicanet.net\/wp-cnet\/wp-json\/wp\/v2\/posts\/45675\/revisions\/45677"}],"wp:featuredmedia":[{"embeddable":true,"href":"https:\/\/catolicanet.net\/wp-cnet\/wp-json\/wp\/v2\/media\/45676"}],"wp:attachment":[{"href":"https:\/\/catolicanet.net\/wp-cnet\/wp-json\/wp\/v2\/media?parent=45675"}],"wp:term":[{"taxonomy":"category","embeddable":true,"href":"https:\/\/catolicanet.net\/wp-cnet\/wp-json\/wp\/v2\/categories?post=45675"},{"taxonomy":"post_tag","embeddable":true,"href":"https:\/\/catolicanet.net\/wp-cnet\/wp-json\/wp\/v2\/tags?post=45675"}],"curies":[{"name":"wp","href":"https:\/\/api.w.org\/{rel}","templated":true}]}}