{"id":45671,"date":"2018-11-30T09:04:55","date_gmt":"2018-11-30T11:04:55","guid":{"rendered":"http:\/\/catolicanet.net\/wp-cnet\/?p=45671"},"modified":"2018-11-30T09:04:55","modified_gmt":"2018-11-30T11:04:55","slug":"dia-do-teologo-a-verdadeira-teologia-se-faz-com-um-olho-na-palavra-e-outro-na-realidade-dom-cippolini","status":"publish","type":"post","link":"https:\/\/catolicanet.net\/wp-cnet\/dia-do-teologo-a-verdadeira-teologia-se-faz-com-um-olho-na-palavra-e-outro-na-realidade-dom-cippolini\/","title":{"rendered":"Dia do Te\u00f3logo: \u201cA verdadeira teologia se faz com um olho na Palavra e outro na realidade\u201d, dom Cippolini"},"content":{"rendered":"<p>Por ocasi\u00e3o do Dia dos Te\u00f3logos, celebrado dia 30 <img loading=\"lazy\" decoding=\"async\" class=\"size-medium wp-image-45673 alignright\" src=\"http:\/\/catolicanet.net\/wp-cnet\/wp-content\/uploads\/Cipollini-300x191.jpg\" alt=\"\" width=\"300\" height=\"191\" srcset=\"https:\/\/catolicanet.net\/wp-cnet\/wp-content\/uploads\/Cipollini-300x191.jpg 300w, https:\/\/catolicanet.net\/wp-cnet\/wp-content\/uploads\/Cipollini-768x489.jpg 768w, https:\/\/catolicanet.net\/wp-cnet\/wp-content\/uploads\/Cipollini-1024x653.jpg 1024w, https:\/\/catolicanet.net\/wp-cnet\/wp-content\/uploads\/Cipollini-600x382.jpg 600w, https:\/\/catolicanet.net\/wp-cnet\/wp-content\/uploads\/Cipollini-696x444.jpg 696w, https:\/\/catolicanet.net\/wp-cnet\/wp-content\/uploads\/Cipollini-1068x681.jpg 1068w, https:\/\/catolicanet.net\/wp-cnet\/wp-content\/uploads\/Cipollini-659x420.jpg 659w, https:\/\/catolicanet.net\/wp-cnet\/wp-content\/uploads\/Cipollini.jpg 1078w\" sizes=\"auto, (max-width: 300px) 100vw, 300px\" \/>denovembro, o presidente da Comiss\u00e3o Episcopal Pastoral para a Doutrina da F\u00e9 da Confer\u00eancia Nacional dos Bispos do Brasil (CNBB), dom Pedro Carlos Cipollini, refor\u00e7a a mensagem de que n\u00e3o se pode esquecer que a verdadeira teologia se faz na ora\u00e7\u00e3o e na humildade, com um olho na Palavra e outro na realidade, especialmente no pobre. O bispo de Santo Andr\u00e9 (SP) destaca que toda teologia verdadeira termina na m\u00edstica.<\/p>\n<p>O trabalho dos te\u00f3logos e te\u00f3logas, segundo dom Pedro Cipollini, traduz-se na reflex\u00e3o sobre Deus a partir da luz da f\u00e9, cotejando-a com a raz\u00e3o e a intelig\u00eancia. Dom Cipollini ressalta que os te\u00f3logos s\u00e3o importantes porque ajudam a atualizar o discurso ou a fala sobre os mist\u00e9rios revelados, favorecendo sua assimila\u00e7\u00e3o e incid\u00eancia na realidade da vida do dia a dia. \u201cTanto a Teologia como os te\u00f3logos s\u00e3o necess\u00e1rios \u00e0 vida da Igreja\u201d, disse.<\/p>\n<p>&nbsp;<\/p>\n","protected":false},"excerpt":{"rendered":"<p>Por ocasi\u00e3o do Dia dos Te\u00f3logos, celebrado dia 30 denovembro, o presidente da Comiss\u00e3o Episcopal Pastoral para a Doutrina da F\u00e9 da Confer\u00eancia Nacional dos Bispos do Brasil (CNBB), dom Pedro Carlos Cipollini, refor\u00e7a a mensagem de que n\u00e3o se pode esquecer que a verdadeira teologia se faz na ora\u00e7\u00e3o e na humildade, com um [&hellip;]<\/p>\n","protected":false},"author":1,"featured_media":45672,"comment_status":"open","ping_status":"closed","sticky":false,"template":"","format":"standard","meta":{"footnotes":""},"categories":[7],"tags":[],"class_list":["post-45671","post","type-post","status-publish","format-standard","has-post-thumbnail","hentry","category-cnbb"],"_links":{"self":[{"href":"https:\/\/catolicanet.net\/wp-cnet\/wp-json\/wp\/v2\/posts\/45671","targetHints":{"allow":["GET"]}}],"collection":[{"href":"https:\/\/catolicanet.net\/wp-cnet\/wp-json\/wp\/v2\/posts"}],"about":[{"href":"https:\/\/catolicanet.net\/wp-cnet\/wp-json\/wp\/v2\/types\/post"}],"author":[{"embeddable":true,"href":"https:\/\/catolicanet.net\/wp-cnet\/wp-json\/wp\/v2\/users\/1"}],"replies":[{"embeddable":true,"href":"https:\/\/catolicanet.net\/wp-cnet\/wp-json\/wp\/v2\/comments?post=45671"}],"version-history":[{"count":1,"href":"https:\/\/catolicanet.net\/wp-cnet\/wp-json\/wp\/v2\/posts\/45671\/revisions"}],"predecessor-version":[{"id":45674,"href":"https:\/\/catolicanet.net\/wp-cnet\/wp-json\/wp\/v2\/posts\/45671\/revisions\/45674"}],"wp:featuredmedia":[{"embeddable":true,"href":"https:\/\/catolicanet.net\/wp-cnet\/wp-json\/wp\/v2\/media\/45672"}],"wp:attachment":[{"href":"https:\/\/catolicanet.net\/wp-cnet\/wp-json\/wp\/v2\/media?parent=45671"}],"wp:term":[{"taxonomy":"category","embeddable":true,"href":"https:\/\/catolicanet.net\/wp-cnet\/wp-json\/wp\/v2\/categories?post=45671"},{"taxonomy":"post_tag","embeddable":true,"href":"https:\/\/catolicanet.net\/wp-cnet\/wp-json\/wp\/v2\/tags?post=45671"}],"curies":[{"name":"wp","href":"https:\/\/api.w.org\/{rel}","templated":true}]}}