{"id":45599,"date":"2018-11-27T10:16:38","date_gmt":"2018-11-27T12:16:38","guid":{"rendered":"http:\/\/catolicanet.net\/wp-cnet\/?p=45599"},"modified":"2018-11-27T10:16:38","modified_gmt":"2018-11-27T12:16:38","slug":"arcebispo-de-bangui-intervir-para-salvar-civis-da-violencia","status":"publish","type":"post","link":"https:\/\/catolicanet.net\/wp-cnet\/arcebispo-de-bangui-intervir-para-salvar-civis-da-violencia\/","title":{"rendered":"Arcebispo de Bangui: intervir para salvar civis da viol\u00eancia"},"content":{"rendered":"<div class=\"article__subTitle\">&#8220;Acreditamos que devemos, seja oportuno ou n\u00e3o, bater \u00e0 porta do cora\u00e7\u00e3o de nossos irm\u00e3os e irm\u00e3s, para que eles entendam que os pobres, suas vidas, devem ser respeitados&#8221;, disse o cardeal Nzapalainga, ao falar de sua recente viagem aos locais do massacre em Alindao. Os bispos convocaram um dia de luto para 2 de dezembro.<\/div>\n<div class=\"title__separator\"><\/div>\n<div class=\"article__text\">\n<p><b>Marco Guerra e Olivier Bonnel &#8211; Cidade do Vaticano<\/b><\/p>\n<p>&#8220;N\u00e3o podemos ficar calados&#8221;: foi o que declarou o arcebispo de Bangui, cardeal Dieudonn\u00e9 Nzapalainga, que na manh\u00e3 de segunda-feira encontrou os jornalistas na capital da Rep\u00fablica Centro-Africana. Durante a coletiva de imprensa, o purpurado informou sobre sua recente viagem \u00e0 cidade de Alindao, palco do massacre que ocorreu em 15 de novembro e tirou a vida de cerca de 60 pessoas.<\/p>\n<div>\n<div class=\"article__embed article__embed--unwrap article__embed--dark\">\n<div class=\"article__innerTitle\">Ou\u00e7a e compartilhe!<\/div>\n<div>\n<h2>O massacre em Alindao<\/h2>\n<p>O massacre foi realizado pelo grupo armado da Uni\u00e3o pela Paz, na Rep\u00fablica Centro-Africana (UPC), que atacou com armas de fogo um grupo de refugiados, quase todos crist\u00e3os, acolhidos pela diocese de Alindao. O bispado da cidade tamb\u00e9m foi alvo, com a morte de dois sacerdotes<\/p>\n<h2>Governo incapaz de proteger civis<\/h2>\n<!--[if lt IE 9]><script>document.createElement('audio');<\/script><![endif]-->\n<audio class=\"wp-audio-shortcode\" id=\"audio-45599-1\" preload=\"none\" style=\"width: 100%;\" controls=\"controls\"><source type=\"audio\/mpeg\" src=\"https:\/\/media.vaticannews.va\/media\/audio\/s1\/2018\/11\/27\/10\/134746442_F134746442.mp3?_=1\" \/><a href=\"https:\/\/media.vaticannews.va\/media\/audio\/s1\/2018\/11\/27\/10\/134746442_F134746442.mp3\">https:\/\/media.vaticannews.va\/media\/audio\/s1\/2018\/11\/27\/10\/134746442_F134746442.mp3<\/a><\/audio>\n<p>Para o arcebispo, essa viol\u00eancia \u00e9 objeto de um grupo armado que age impunemente e aterroriza a popula\u00e7\u00e3o. Tamb\u00e9m \u00e9 grave a incapacidade das autoridades da Rep\u00fablica Centro-Africana e da comunidade internacional de proteger os civis no pa\u00eds. Segundo o cardeal, a situa\u00e7\u00e3o humanit\u00e1ria em algumas partes do pa\u00eds \u00e9 cr\u00edtica, com muitas crian\u00e7as sofrendo de desnutri\u00e7\u00e3o. Como fez v\u00e1rias vezes no passado, o cardeal Nzapalainga denunciou o uso desta viol\u00eancia &#8220;dentro e fora do pa\u00eds&#8221; e questionou a comunidade internacional sobre o destino das popula\u00e7\u00f5es mais vulner\u00e1veis.<\/p>\n<h2>Imame tamb\u00e9m presente<\/h2>\n<p>Na coletiva de imprensa, o cardeal Nzapalainga estava acompanhado pelo Imame de Bangui, Oumar Kobine Layama, com o qual, por diversos anos, viaja pelo pa\u00eds para explicar que a viol\u00eancia na Rep\u00fablica Centro-Africana n\u00e3o \u00e9 de natureza religiosa e n\u00e3o pode ser justificada em nome de Deus.<\/p>\n<h2>Dia de luto em 2 de dezembro<\/h2>\n<p>Em um comunicado divulgado no domingo, a Confer\u00eancia Episcopal da Rep\u00fablica Centro-Africana (CECA) recordou que a Constitui\u00e7\u00e3o do pa\u00eds de 30 mar\u00e7o de 2016 estabelece em seu primeiro artigo que \u201ca pessoa humana \u00e9 sagrada e inviol\u00e1vel\u201d e voltou a falar sobre os \u00faltimos ataques sangrentos em Bangui, Bambari , Batangafo e Alindao. Os bispos, em seguida, pediram a todos os &#8220;homens e mulheres de boa vontade, solidariedade e respeito pela mem\u00f3ria das v\u00edtimas, de abster-se como um sinal de luto, das festividades de 1 dezembro de 2018&#8221;, dia da festa nacional. Os bispos tamb\u00e9m convocaram um dia de &#8220;lamento e ora\u00e7\u00e3o&#8221; por todas as v\u00edtimas dos massacres cometidos no pa\u00eds, que ter\u00e1 lugar no domingo, 2 de dezembro.<\/p>\n<h2>Nzapalainga: h\u00e1 muitos interesses econ\u00f4micos em jogo<\/h2>\n<p>Olivier Bonnel, colega da reda\u00e7\u00e3o francesa do Vatican News, conversou por telefone com o cardeal Nzapalainga, que assim comentou a situa\u00e7\u00e3o:<\/p>\n<p><i>\u201cAtualmente est\u00e1 acontecendo um massacre de civis inocentes. \u00c9 por isso que eu queria chamar a aten\u00e7\u00e3o da comunidade nacional e internacional sobre o massacre: \u00e9 uma cat\u00e1strofe humanit\u00e1ria que acontece diante de nossos olhos. Vi crian\u00e7as saindo da brousse vomitando: haviam bebido \u00e1gua contaminada e adoeceram. Devemos dar rapidamente o alerta e intervir para salvar, proteger as crian\u00e7as, as pessoas mais fracas, os idosos e dar a oportunidade a todos aqueles que se encontram em Alindao de simplesmente seguirem suas ocupa\u00e7\u00f5es. Em rela\u00e7\u00e3o \u00e0 prote\u00e7\u00e3o das pessoas, tanto a comunidade internacional quanto o governo fracassaram. Aqui se trata de um pequeno grupo que mant\u00e9m a maior parte da popula\u00e7\u00e3o como ref\u00e9m. H\u00e1 interesses econ\u00f4micos em jogo, interesses geopol\u00edticos. Muitas pessoas tamb\u00e9m respondem aos apelos tanto dentro como fora. Mas n\u00f3s, como religiosos, fortes na esperan\u00e7a crist\u00e3, acreditamos que devemos, seja oportuno ou n\u00e3o, bater \u00e0 porta do cora\u00e7\u00e3o de nossos irm\u00e3os e irm\u00e3s, para que eles entendam que os pobres, suas vidas, devem ser respeitados. E esperamos que a comunidade internacional queira apoiar as iniciativas de paz, para que os centro-africanos possam viver assim, em paz, e se considerem como irm\u00e3os\u201d.<\/i><\/p>\n<\/div>\n<\/div>\n<\/div>\n<\/div>\n","protected":false},"excerpt":{"rendered":"<p>&#8220;Acreditamos que devemos, seja oportuno ou n\u00e3o, bater \u00e0 porta do cora\u00e7\u00e3o de nossos irm\u00e3os e irm\u00e3s, para que eles entendam que os pobres, suas vidas, devem ser respeitados&#8221;, disse o cardeal Nzapalainga, ao falar de sua recente viagem aos locais do massacre em Alindao. Os bispos convocaram um dia de luto para 2 de [&hellip;]<\/p>\n","protected":false},"author":1,"featured_media":45600,"comment_status":"open","ping_status":"closed","sticky":false,"template":"","format":"standard","meta":{"footnotes":""},"categories":[13],"tags":[],"class_list":["post-45599","post","type-post","status-publish","format-standard","has-post-thumbnail","hentry","category-featured"],"_links":{"self":[{"href":"https:\/\/catolicanet.net\/wp-cnet\/wp-json\/wp\/v2\/posts\/45599","targetHints":{"allow":["GET"]}}],"collection":[{"href":"https:\/\/catolicanet.net\/wp-cnet\/wp-json\/wp\/v2\/posts"}],"about":[{"href":"https:\/\/catolicanet.net\/wp-cnet\/wp-json\/wp\/v2\/types\/post"}],"author":[{"embeddable":true,"href":"https:\/\/catolicanet.net\/wp-cnet\/wp-json\/wp\/v2\/users\/1"}],"replies":[{"embeddable":true,"href":"https:\/\/catolicanet.net\/wp-cnet\/wp-json\/wp\/v2\/comments?post=45599"}],"version-history":[{"count":1,"href":"https:\/\/catolicanet.net\/wp-cnet\/wp-json\/wp\/v2\/posts\/45599\/revisions"}],"predecessor-version":[{"id":45601,"href":"https:\/\/catolicanet.net\/wp-cnet\/wp-json\/wp\/v2\/posts\/45599\/revisions\/45601"}],"wp:featuredmedia":[{"embeddable":true,"href":"https:\/\/catolicanet.net\/wp-cnet\/wp-json\/wp\/v2\/media\/45600"}],"wp:attachment":[{"href":"https:\/\/catolicanet.net\/wp-cnet\/wp-json\/wp\/v2\/media?parent=45599"}],"wp:term":[{"taxonomy":"category","embeddable":true,"href":"https:\/\/catolicanet.net\/wp-cnet\/wp-json\/wp\/v2\/categories?post=45599"},{"taxonomy":"post_tag","embeddable":true,"href":"https:\/\/catolicanet.net\/wp-cnet\/wp-json\/wp\/v2\/tags?post=45599"}],"curies":[{"name":"wp","href":"https:\/\/api.w.org\/{rel}","templated":true}]}}