{"id":45596,"date":"2018-11-27T09:55:26","date_gmt":"2018-11-27T11:55:26","guid":{"rendered":"http:\/\/catolicanet.net\/wp-cnet\/?p=45596"},"modified":"2018-11-27T10:08:00","modified_gmt":"2018-11-27T12:08:00","slug":"papa-sabio-pensar-no-fim-sera-um-encontro-de-misericordia-com-deus","status":"publish","type":"post","link":"https:\/\/catolicanet.net\/wp-cnet\/papa-sabio-pensar-no-fim-sera-um-encontro-de-misericordia-com-deus\/","title":{"rendered":"Papa: s\u00e1bio pensar no fim, ser\u00e1 um encontro de miseric\u00f3rdia com Deus"},"content":{"rendered":"<div class=\"article__subTitle\">O Papa Francisco, na homilia na Missa na Casa Santa Marta, fala de nosso fim e do fim do mundo, &#8220;a colheita&#8221; do livro do Apocalipse. &#8220;Como ser\u00e1 o meu fim? Como eu gostaria que o Senhor me encontrasse quando me chamar? Pensar nisso \u00e9 s\u00e1bio e nos ajuda a ir em frente, at\u00e9 o encontro com Deus, uma presta\u00e7\u00e3o de contas mas tamb\u00e9m um momento de &#8220;alegria&#8221;.<\/div>\n<div class=\"title__separator\"><\/div>\n<div class=\"article__text\">\n<p><b>Alessandro Di Bussolo &#8211; Cidade do Vaticano<\/b><\/p>\n<p>&#8220;Como ser\u00e1 o meu fim? Como eu gostaria que o Senhor me encontrasse quando me chamar?&#8221; \u00c9 s\u00e1bio pensar no fim&#8221;, \u201cnos ajuda a seguir em frente\u201d,\u00a0 a fazer um exame de consci\u00eancia sobre que coisas eu deveria corrigir e quais \u201clevar em frente porque s\u00e3o boas&#8221;.<\/p>\n<p>O Papa Francisco dedicou sua homilia matutina na Casa Santa Marta, ao fim do mundo e da pr\u00f3pria vida, porque &#8220;nesta \u00faltima semana do ano lit\u00fargico, a Igreja nos faz refletir sobre isso, e \u201c\u00e9 uma gra\u00e7a&#8221;, comenta Papa, &#8220;porque n\u00e3o gostamos de pensar no fim&#8221;, &#8220;adiamos esta reflex\u00e3o sempre para amanh\u00e3\u201d.<\/p>\n<p>Na primeira leitura, tirada do livro do Apocalipse, S\u00e3o Jo\u00e3o fala do fim do mundo &#8220;com a figura da colheita&#8221;, com Cristo e um Anjo armado com uma foice. Quando chegar nossa hora, prossegue Francisco, deveremos &#8220;mostrar a qualidade do nosso trigo, a qualidade da nossa vida&#8221;. E acrescenta: &#8220;Talvez algu\u00e9m entre voc\u00eas diga: &#8216;Padre, n\u00e3o seja t\u00e3o sombrio, que estas coisas n\u00e3o nos agradam &#8230;&#8217;, mas \u00e9 a verdade&#8221;:<\/p>\n<p><i>\u201c\u00c9 a colheita, onde cada um de n\u00f3s se encontrar\u00e1 com o Senhor. Ser\u00e1 um encontro e cada um de n\u00f3s dir\u00e1 ao Senhor: &#8220;Esta \u00e9 a minha vida. Este \u00e9 meu trigo. Esta \u00e9 minha qualidade de vida. Errei? &#8220;- todos deveremos dizer isso, porque todos erramos &#8211; &#8220;Fiz coisas boas&#8221; &#8211; todos fazemos coisas boas; e um pouco mostrar ao Senhor o trigo\u201d.<\/i><\/p>\n<p>O que eu diria, pergunta-se ainda o Pont\u00edfice, &#8220;se hoje o Senhor me chamasse? &#8216;Ah, nem percebi, eu estava distra\u00eddo &#8230;&#8217;. N\u00f3s n\u00e3o sabemos nem o dia nem a hora. &#8216;Mas padre, n\u00e3o fale assim que eu sou jovem&#8217; &#8211; &#8216;Mas olha quantos jovens partem, quantos jovens s\u00e3o chamados &#8230;&#8217;. Ningu\u00e9m tem a pr\u00f3pria vida assegurada &#8220;.<\/p>\n<p>Em vez disso, \u00e9 certo que todos n\u00f3s teremos um fim. Quando? Somente Deus o sabe:<\/p>\n<p><i>\u201cNos far\u00e1 bem nesta semana pensar no fim. Se o Senhor me chamasse hoje, o que eu faria? O que eu diria? Que trigo eu mostraria a ele? o pensamento do fim nos ajuda a seguir em frente; n\u00e3o \u00e9 um pensamento est\u00e1tico: \u00e9 um pensamento que avan\u00e7a \u00a0porque \u00e9 levado em frente pela virtude, pela esperan\u00e7a. Sim, haver\u00e1 um fim, mas esse fim ser\u00e1 um encontro: um encontro com o Senhor. \u00c9 verdade, ser\u00e1 uma presta\u00e7\u00e3o de contas daquilo que fiz, mas tamb\u00e9m ser\u00e1 um encontro de miseric\u00f3rdia, de alegria, de felicidade. Pensar no fim, no final da cria\u00e7\u00e3o, no fim da pr\u00f3pria vida \u00e9 sabedoria; os s\u00e1bios fazem isso\u201d.<\/i><\/p>\n<p>Assim, conclui o Papa Francisco, a Igreja convida-nos esta semana a nos perguntarmos &#8220;como ser\u00e1 o meu fim? Como eu gostaria que o Senhor me encontrasse quando ele me chamar? Devo fazer \u00a0&#8220;um exame de consci\u00eancia&#8221; e avaliar &#8220;que coisas eu deveria corrigir, porque n\u00e3o est\u00e3o bem? Que coisas devo apoiar e levar em frente porque s\u00e3o boas? Cada um de n\u00f3s tem tantas coisas boas!&#8221;. E neste pensamento n\u00e3o estamos sozinhos: &#8220;h\u00e1 o Esp\u00edrito Santo que nos ajuda&#8221;:<\/p>\n<p><i>\u201cEsta semana pe\u00e7amos ao Esp\u00edrito Santo a sabedoria do tempo, a sabedoria do fim, a sabedoria da ressurrei\u00e7\u00e3o, a sabedoria do encontro eterno com Jesus; que nos fa\u00e7a entender essa sabedoria que existe na nossa f\u00e9. Ser\u00e1 um dia de alegria o encontro com Jesus. Rezemos para que o Senhor nos prepare. E cada um de n\u00f3s, esta semana, termine a semana pensando no final: &#8220;Eu acabarei. Eu n\u00e3o permanecerei eternamente. Como gostaria de acabar?\u201d<\/i><\/p>\n<\/div>\n","protected":false},"excerpt":{"rendered":"<p>O Papa Francisco, na homilia na Missa na Casa Santa Marta, fala de nosso fim e do fim do mundo, &#8220;a colheita&#8221; do livro do Apocalipse. &#8220;Como ser\u00e1 o meu fim? Como eu gostaria que o Senhor me encontrasse quando me chamar? Pensar nisso \u00e9 s\u00e1bio e nos ajuda a ir em frente, at\u00e9 o [&hellip;]<\/p>\n","protected":false},"author":1,"featured_media":45598,"comment_status":"open","ping_status":"closed","sticky":false,"template":"","format":"standard","meta":{"footnotes":""},"categories":[13],"tags":[],"class_list":["post-45596","post","type-post","status-publish","format-standard","has-post-thumbnail","hentry","category-featured"],"_links":{"self":[{"href":"https:\/\/catolicanet.net\/wp-cnet\/wp-json\/wp\/v2\/posts\/45596","targetHints":{"allow":["GET"]}}],"collection":[{"href":"https:\/\/catolicanet.net\/wp-cnet\/wp-json\/wp\/v2\/posts"}],"about":[{"href":"https:\/\/catolicanet.net\/wp-cnet\/wp-json\/wp\/v2\/types\/post"}],"author":[{"embeddable":true,"href":"https:\/\/catolicanet.net\/wp-cnet\/wp-json\/wp\/v2\/users\/1"}],"replies":[{"embeddable":true,"href":"https:\/\/catolicanet.net\/wp-cnet\/wp-json\/wp\/v2\/comments?post=45596"}],"version-history":[{"count":1,"href":"https:\/\/catolicanet.net\/wp-cnet\/wp-json\/wp\/v2\/posts\/45596\/revisions"}],"predecessor-version":[{"id":45597,"href":"https:\/\/catolicanet.net\/wp-cnet\/wp-json\/wp\/v2\/posts\/45596\/revisions\/45597"}],"wp:featuredmedia":[{"embeddable":true,"href":"https:\/\/catolicanet.net\/wp-cnet\/wp-json\/wp\/v2\/media\/45598"}],"wp:attachment":[{"href":"https:\/\/catolicanet.net\/wp-cnet\/wp-json\/wp\/v2\/media?parent=45596"}],"wp:term":[{"taxonomy":"category","embeddable":true,"href":"https:\/\/catolicanet.net\/wp-cnet\/wp-json\/wp\/v2\/categories?post=45596"},{"taxonomy":"post_tag","embeddable":true,"href":"https:\/\/catolicanet.net\/wp-cnet\/wp-json\/wp\/v2\/tags?post=45596"}],"curies":[{"name":"wp","href":"https:\/\/api.w.org\/{rel}","templated":true}]}}