{"id":4558,"date":"2014-05-05T13:13:18","date_gmt":"2014-05-05T16:13:18","guid":{"rendered":"http:\/\/catolicanet.net\/wp-cnet\/escutar-a-voz-do-bom-pastor\/"},"modified":"2017-04-05T11:44:44","modified_gmt":"2017-04-05T14:44:44","slug":"escutar-a-voz-do-bom-pastor","status":"publish","type":"post","link":"https:\/\/catolicanet.net\/wp-cnet\/escutar-a-voz-do-bom-pastor\/","title":{"rendered":"Escutar a voz do bom pastor"},"content":{"rendered":"<p style=\"text-align: justify;\">Para se entender ainda melhor as met\u00e1foras empregadas por Jesus, quando ele se diz o bom pastor e fala que seus seguidores s\u00e3o suas ovelhas, cumpre, de plano, se fa\u00e7am algumas observa\u00e7\u00f5es. Grande parte do territ\u00f3rio da Galil\u00e9ia era um planalto com um solo rude e pedregoso. Servia mais para cria\u00e7\u00e3o de ovelhas do que para a agricultura, embora a alimenta\u00e7\u00e3o das reses trouxesse alguns problemas. Com efeito, a erva era rara e o rebanho devia permanentemente se deslocar. Eis porque a presen\u00e7a constante do pastor no meio de seu rebanho era necess\u00e1ria. O pastor ent\u00e3o vivia fatigado, exposto \u00e0s intemp\u00e9ries e, apoiado em seu bast\u00e3o, estava sempre atento aos movimentos de sua grei e dos que poderiam roubar alguma de suas ovelhas.\u00a0 Por isto na hist\u00f3ria de Israel o pastor adquiriu tal import\u00e2ncia que. este t\u00edtulo foi dado aos reis. No Antigo Testamento Deus mesmo foi representado como o pastor de seu povo, o que se l\u00ea em in\u00fameras passagens dos salmos e dos profetas. Cristo o escolheu como emblema de sua atividade mission\u00e1ria. A imagem ideal do pastor foi realizada plenamente por Ele que procura a ovelha perdida e tem piedade do povo porque o v\u00ea \u201ccomo ovelhas sem pastor\u201d (Mt 9,36). S\u00e3o Pedro chamou Jesus \u201co pastor de nossas almas\u201d (1 Pd 2,25). Na Carta aos Hebreus Ele \u00e9 mostrado como o Pastor por excel\u00eancia (Hb 13,20). \u201cDe fato,\u00a0 Cristo patenteia no Evangelho de hoje que suas ovelhas O conhecem, escutam a sua voz e O seguem\u201d. Fogem, por\u00e9m, dos estranhos, dos assaltantes. Se entre o ser humano e os animais h\u00e1 uma percep\u00e7\u00e3o not\u00e1vel, no relacionamento dos homens entre si isto resulta num processo ainda mais admir\u00e1vel. Escutar algu\u00e9m \u00e9 permitir ao outro ser ele mesmo e oferecer oportunidade para que ele se manifeste como \u00e9. \u00c9 abrir o cora\u00e7\u00e3o ao cora\u00e7\u00e3o do outro numa empatia total, que \u00e9 bem mais do que uma mera simpatia. \u00c9 aderir ao que ele diz acertadamente e vibrar un\u00edssono com seus sentimentos por vezes incomuns. \u00c9 poder compreender sua riqueza interior,\u00a0 sua experi\u00eancia donde fluem mensagens enriquecedoras. Eis por que escutar a voz de Jesus \u00e9 estar \u00e0 espreita do que Ele nos quer dizer e do que Ele oferece vindo do silencio de seu cora\u00e7\u00e3o amoroso atrav\u00e9s da B\u00edblia, do testemunho da Igreja, da trama dos acontecimentos cotidianos. A\u00ed a raz\u00e3o pela qual, como a Esposa do C\u00e2ntico dos C\u00e2nticos, a alma do crist\u00e3o suplica: \u201cMostra-me, a tua face, faz com que eu escute a tua voz, porque\u00a0 tua voz \u00e9 doce e encantador o teu semblante\u201d. Quando acolhemos os recados de Jesus, seu amor, seus preceitos, ent\u00e3o Ele reconhece que somos seus. No batismo cada um nasce com Ele para uma vida nova. \u00c9 marcado com seu selo divino. O que se esquece tantas vezes \u00e9 que este engajamento leva uma alian\u00e7a profunda com Ele, uni\u00e3o privilegiada, m\u00edstica. Isto sup\u00f5e a fuga dos falsos profetas, dos pseudo-arquitetos de id\u00e9ias, das comunica\u00e7\u00f5es\u00a0 delet\u00e9rias transmitidas pelos meios de comunica\u00e7\u00e3o social. \u00c9 preciso, em consequencia, uma total disponibilidade para escutar a voz do Bom Pastor e segui-lo. Ser ovelha de Jesus \u00e9 se colocar em condi\u00e7\u00f5es de nunca se afastar dele para estar atentos \u00e0 sua voz. Deste modo se pode mostrar ao mundo a vit\u00f3ria pascal no paradoxo da vida mais forte do que o poder da morte. Jesus proclama claramente\u00a0 sua miss\u00e3o: \u201cEu vim para que tenham vida e a tenham em abund\u00e2ncia\u201d. A\u00ed esta o motivo pelo qual, Ele se fez tamb\u00e9m o p\u00e3o da vida e\u00a0 \u00e0 hora da Comunh\u00e3o\u00a0 o crist\u00e3o \u00e9 tocado pela\u00a0 experi\u00eancia espiritual por excel\u00eancia e reconhece a voz de seu Senhor. \u00c9 a hora de uma releitura da pr\u00f3pria vida. Encontra ent\u00e3o o batizado sua identidade profunda. Toma consci\u00eancia de que faz parte de um rebanho e, portanto, o sentido comunit\u00e1rio deve marcar sua exist\u00eancia na marcha para os prados eternos.\u00a0 Aquele que ouve a voz do Bom Pastor e o segue, arrasta infalivelmente outras ovelhas para junto dele. H\u00e1 sempre, entretanto, risco do esc\u00e2ndalo, da hipocrisia, do contra testemunho e todo cuidado \u00e9 pouco, dado que uma ovelha que se afasta do Bom Pastor dele aparta tamb\u00e9m in\u00fameras outras. Resta, contudo, a certeza de que \u201cuma alma que se eleva, eleva o mundo inteiro\u201d! Saibamos ser fi\u00e9is ao Bom Pastor e atrairemos para junto dele as ovelhas tresmalhadas!<\/p>\n<p> <strong>Professor no Semin\u00e1rio de Mariana durante\u00a0 40 anos.<\/strong><\/p>\n","protected":false},"excerpt":{"rendered":"<p>Para se entender ainda melhor as met\u00e1foras empregadas por Jesus, quando ele se diz o bom pastor e fala que seus seguidores s\u00e3o suas ovelhas, cumpre, de plano, se fa\u00e7am algumas observa\u00e7\u00f5es. Grande parte do territ\u00f3rio da Galil\u00e9ia era um planalto com um solo rude e pedregoso. Servia mais para cria\u00e7\u00e3o de ovelhas do que [&hellip;]<\/p>\n","protected":false},"author":7,"featured_media":0,"comment_status":"closed","ping_status":"closed","sticky":false,"template":"","format":"standard","meta":{"footnotes":""},"categories":[9],"tags":[],"class_list":["post-4558","post","type-post","status-publish","format-standard","hentry","category-artigos"],"_links":{"self":[{"href":"https:\/\/catolicanet.net\/wp-cnet\/wp-json\/wp\/v2\/posts\/4558","targetHints":{"allow":["GET"]}}],"collection":[{"href":"https:\/\/catolicanet.net\/wp-cnet\/wp-json\/wp\/v2\/posts"}],"about":[{"href":"https:\/\/catolicanet.net\/wp-cnet\/wp-json\/wp\/v2\/types\/post"}],"author":[{"embeddable":true,"href":"https:\/\/catolicanet.net\/wp-cnet\/wp-json\/wp\/v2\/users\/7"}],"replies":[{"embeddable":true,"href":"https:\/\/catolicanet.net\/wp-cnet\/wp-json\/wp\/v2\/comments?post=4558"}],"version-history":[{"count":1,"href":"https:\/\/catolicanet.net\/wp-cnet\/wp-json\/wp\/v2\/posts\/4558\/revisions"}],"predecessor-version":[{"id":9451,"href":"https:\/\/catolicanet.net\/wp-cnet\/wp-json\/wp\/v2\/posts\/4558\/revisions\/9451"}],"wp:attachment":[{"href":"https:\/\/catolicanet.net\/wp-cnet\/wp-json\/wp\/v2\/media?parent=4558"}],"wp:term":[{"taxonomy":"category","embeddable":true,"href":"https:\/\/catolicanet.net\/wp-cnet\/wp-json\/wp\/v2\/categories?post=4558"},{"taxonomy":"post_tag","embeddable":true,"href":"https:\/\/catolicanet.net\/wp-cnet\/wp-json\/wp\/v2\/tags?post=4558"}],"curies":[{"name":"wp","href":"https:\/\/api.w.org\/{rel}","templated":true}]}}