{"id":45549,"date":"2018-11-26T10:02:11","date_gmt":"2018-11-26T12:02:11","guid":{"rendered":"http:\/\/catolicanet.net\/wp-cnet\/?p=45549"},"modified":"2018-11-26T10:02:11","modified_gmt":"2018-11-26T12:02:11","slug":"dom-orani-tempesta-no-regional-leste-1-da-cnbb-a-igreja-e-muito-proxima-aos-mais-pobres","status":"publish","type":"post","link":"https:\/\/catolicanet.net\/wp-cnet\/dom-orani-tempesta-no-regional-leste-1-da-cnbb-a-igreja-e-muito-proxima-aos-mais-pobres\/","title":{"rendered":"Dom Orani Tempesta: \u201cNo regional Leste 1 da CNBB a Igreja \u00e9 muito pr\u00f3xima aos mais pobres\u201d"},"content":{"rendered":"<p>Num contexto de muitas dificuldades pelas quais passam o Estado do Rio de Janeiro, como as dificuldades econ\u00f4micas e a viol\u00eancia, o arcebispo da arquidiocese do Rio de Janeiro e presidente do Regional Leste 1, dom Orani Tempesta afirma que h\u00e1 uma vitalidade na vida da Igreja.<\/p>\n<p>A caminhada da Igreja no regional, segundo o religioso, se caracteriza por estar muito pr\u00f3xima do povo, especialmente dos mais pobres, n\u00e3o apenas com a\u00e7\u00f5es assistenciais mas tamb\u00e9m com reivindica\u00e7\u00e3o de transforma\u00e7\u00f5es sociais.<\/p>\n<p>Um dos elementos que dom Orani destaca da caminhada no regional Leste 1 \u00e9 a unidade do episcopado. Segundo ele, o regional tem feito v\u00e1rios pronunciamentos referentes \u00e0 realidade do Estado do Rio de Janeiro mas tamb\u00e9m nacionais.<\/p>\n<p>O arcebispo destaca tamb\u00e9m as reuni\u00f5es com os coordenadores de pastoral e movimentos que permitem ver o trabalho conjunto e ainda as reuni\u00f5es que vem desenvolvendo, pelo terceiro ano consecutivo, com administradores e juristas das dioceses. \u201cNestas compartilhamos problemas e solu\u00e7\u00f5es\u201d, disse.<\/p>\n<p>\u201cCreio que tanto nas quest\u00f5es administrativa, jur\u00eddica, pastoral e na fraternidade episcopal, com o trabalho com os leigos e leigas nas v\u00e1rias comiss\u00f5es e pastorais, temos avan\u00e7ado no rumo \u00e0 comunh\u00e3o\u201d, avalia.<\/p>\n<p>O religioso informou que no pr\u00f3ximo fim de semana haver\u00e1 a Assembleia do Regional Leste 1, ocasi\u00e3o na qual avaliar\u00e3o a caminhada deste ano e tamb\u00e9m se preparar\u00e3o para aprofundar o tema das pol\u00edticas p\u00fablicas e planejar a Campanha da Fraternidade 2019. Um outro aspecto a ser aprofundado, segundo dom Orani, \u00e9 como ser\u00e1 a rela\u00e7\u00e3o da Igreja no Estado diante dos novos governantes tanto no Executivo como no Legislativo. \u201cConversaremos sobre estas quest\u00f5es e vamos tra\u00e7ar passos\u201d, ressaltou.<\/p>\n","protected":false},"excerpt":{"rendered":"<p>Num contexto de muitas dificuldades pelas quais passam o Estado do Rio de Janeiro, como as dificuldades econ\u00f4micas e a viol\u00eancia, o arcebispo da arquidiocese do Rio de Janeiro e presidente do Regional Leste 1, dom Orani Tempesta afirma que h\u00e1 uma vitalidade na vida da Igreja. A caminhada da Igreja no regional, segundo o [&hellip;]<\/p>\n","protected":false},"author":1,"featured_media":45550,"comment_status":"open","ping_status":"closed","sticky":false,"template":"","format":"standard","meta":{"footnotes":""},"categories":[7],"tags":[],"class_list":["post-45549","post","type-post","status-publish","format-standard","has-post-thumbnail","hentry","category-cnbb"],"_links":{"self":[{"href":"https:\/\/catolicanet.net\/wp-cnet\/wp-json\/wp\/v2\/posts\/45549","targetHints":{"allow":["GET"]}}],"collection":[{"href":"https:\/\/catolicanet.net\/wp-cnet\/wp-json\/wp\/v2\/posts"}],"about":[{"href":"https:\/\/catolicanet.net\/wp-cnet\/wp-json\/wp\/v2\/types\/post"}],"author":[{"embeddable":true,"href":"https:\/\/catolicanet.net\/wp-cnet\/wp-json\/wp\/v2\/users\/1"}],"replies":[{"embeddable":true,"href":"https:\/\/catolicanet.net\/wp-cnet\/wp-json\/wp\/v2\/comments?post=45549"}],"version-history":[{"count":1,"href":"https:\/\/catolicanet.net\/wp-cnet\/wp-json\/wp\/v2\/posts\/45549\/revisions"}],"predecessor-version":[{"id":45551,"href":"https:\/\/catolicanet.net\/wp-cnet\/wp-json\/wp\/v2\/posts\/45549\/revisions\/45551"}],"wp:featuredmedia":[{"embeddable":true,"href":"https:\/\/catolicanet.net\/wp-cnet\/wp-json\/wp\/v2\/media\/45550"}],"wp:attachment":[{"href":"https:\/\/catolicanet.net\/wp-cnet\/wp-json\/wp\/v2\/media?parent=45549"}],"wp:term":[{"taxonomy":"category","embeddable":true,"href":"https:\/\/catolicanet.net\/wp-cnet\/wp-json\/wp\/v2\/categories?post=45549"},{"taxonomy":"post_tag","embeddable":true,"href":"https:\/\/catolicanet.net\/wp-cnet\/wp-json\/wp\/v2\/tags?post=45549"}],"curies":[{"name":"wp","href":"https:\/\/api.w.org\/{rel}","templated":true}]}}