{"id":45542,"date":"2018-11-26T09:04:29","date_gmt":"2018-11-26T11:04:29","guid":{"rendered":"http:\/\/catolicanet.net\/wp-cnet\/?p=45542"},"modified":"2018-11-26T09:04:29","modified_gmt":"2018-11-26T11:04:29","slug":"reino-de-amor-justica-e-paz","status":"publish","type":"post","link":"https:\/\/catolicanet.net\/wp-cnet\/reino-de-amor-justica-e-paz\/","title":{"rendered":"Reino de amor, justi\u00e7a e paz"},"content":{"rendered":"<p>Jesus, fazendo-se homem, quis e quer eternizar a criatura humana, restaurando-a e reconciliando-a consigo. Cabe aos seres humanos acolher sua obra redentora, seu Reino de justi\u00e7a, paz e bondade sem limites, revelado na sua af\u00e1vel ternura e mist\u00e9rio de amor, revela\u00e7\u00e3o essa em que o homem \u00e9 livre, \u00e0 medida que ama a Deus, dispondo-se no servi\u00e7o generoso do Reino e associado ao Senhor Jesus e com Ele colaborando na constru\u00e7\u00e3o da fraternidade universal. A iniciativa divina na obra redentora \u00e9 para que o homem se converta. Vemo-la claramente revelada no Livro Sagrado, quando nos deparamos com a hist\u00f3ria do povo de Deus, conduzido por um longo e penoso caminho, alimentado e animado pelo pr\u00f3prio Deus, da irrefut\u00e1vel promessa messi\u00e2nica de salva\u00e7\u00e3o.<\/p>\n<p>Cristo Jesus, na instaura\u00e7\u00e3o do seu Reino, quando entra na vida se seu povo e revela seu infinito amor, na compaix\u00e3o e no seu legado do servi\u00e7o, pede que experimentemos sua gra\u00e7a, que nos faz pessoas humanas livres, deixando-nos de ser escravos e objetos. Deus, pelo mist\u00e9rio de sua gra\u00e7a, nos transforma em criaturas verdadeiramente livres, ao mostrar a necessidade de sua vida, que \u00e9 vida em abund\u00e2ncia: &#8220;Se somos filhos, somos tamb\u00e9m herdeiros; herdeiros de Deus e co-herdeiros de Cristo, pois sofremos com ele para tamb\u00e9m com ele sermos glorificados&#8221; (cf. Rm 8, 17).<\/p>\n<p>Jesus entrou no mundo para testemunhar a verdade e a paz, que, dentro do plano divino, os crist\u00e3os, incorporados a Cristo pelo batismo, formam o povo de Deus e se tornam capazes, de verdade, de desempenhar bem o compromisso batismal, de com Ele instaurar o Reino, na garantia da presen\u00e7a de Deus no mundo, pela for\u00e7a insubstitu\u00edvel de sua gra\u00e7a, no dom de sua a\u00e7\u00e3o divina que penetra no cora\u00e7\u00e3o dos seres humanos e do mundo, assegurado em Jesus de Nazar\u00e9: &#8220;Eis que estou convosco todos os dias at\u00e9 a consuma\u00e7\u00e3o dos s\u00e9culos&#8221; (Mt 28, 20).<\/p>\n<p>\u00c0 medida que as pessoas se esfor\u00e7am para acolher Jesus, v\u00edtima pura e pac\u00edfica, na reden\u00e7\u00e3o da humanidade, pela linguagem da liturgia da Igreja, de um Reino eterno e universal, se pode prevalecer a express\u00e3o de S\u00e3o Paulo: &#8220;Eu vivo, mas j\u00e1 n\u00e3o sou eu que vivo, pois \u00e9 Cristo que vive em mim&#8221; (Gl 2, 20). Al\u00e9m da gra\u00e7a da acolhida do Reino de Deus, Jesus nos oferece a gra\u00e7a da perseveran\u00e7a. As pessoas abertas a Deus s\u00e3o criaturas de Deus, conscientes da vontade de buscar sempre mais o absoluto, o Criador e Pai, na confian\u00e7a de que s\u00f3 conseguem avan\u00e7ar e dar passos significativos na gra\u00e7a de Deus.<\/p>\n<p>Deus entrou no mundo em raz\u00e3o dos descompassos da vida humana, indicando-nos que a liberdade verdadeira consiste no amadurecimento espiritual do homem, deixando n\u00edtida a acolhida do seu Reino: &#8220;Reino da verdade e da vida, reino da santidade e da gra\u00e7a, reino da justi\u00e7a, do amor e da paz&#8221;. Am\u00e9m!<\/p>\n","protected":false},"excerpt":{"rendered":"<p>Jesus, fazendo-se homem, quis e quer eternizar a criatura humana, restaurando-a e reconciliando-a consigo. Cabe aos seres humanos acolher sua obra redentora, seu Reino de justi\u00e7a, paz e bondade sem limites, revelado na sua af\u00e1vel ternura e mist\u00e9rio de amor, revela\u00e7\u00e3o essa em que o homem \u00e9 livre, \u00e0 medida que ama a Deus, dispondo-se [&hellip;]<\/p>\n","protected":false},"author":6,"featured_media":32779,"comment_status":"open","ping_status":"closed","sticky":false,"template":"","format":"standard","meta":{"footnotes":""},"categories":[9],"tags":[],"class_list":["post-45542","post","type-post","status-publish","format-standard","has-post-thumbnail","hentry","category-artigos"],"_links":{"self":[{"href":"https:\/\/catolicanet.net\/wp-cnet\/wp-json\/wp\/v2\/posts\/45542","targetHints":{"allow":["GET"]}}],"collection":[{"href":"https:\/\/catolicanet.net\/wp-cnet\/wp-json\/wp\/v2\/posts"}],"about":[{"href":"https:\/\/catolicanet.net\/wp-cnet\/wp-json\/wp\/v2\/types\/post"}],"author":[{"embeddable":true,"href":"https:\/\/catolicanet.net\/wp-cnet\/wp-json\/wp\/v2\/users\/6"}],"replies":[{"embeddable":true,"href":"https:\/\/catolicanet.net\/wp-cnet\/wp-json\/wp\/v2\/comments?post=45542"}],"version-history":[{"count":1,"href":"https:\/\/catolicanet.net\/wp-cnet\/wp-json\/wp\/v2\/posts\/45542\/revisions"}],"predecessor-version":[{"id":45543,"href":"https:\/\/catolicanet.net\/wp-cnet\/wp-json\/wp\/v2\/posts\/45542\/revisions\/45543"}],"wp:featuredmedia":[{"embeddable":true,"href":"https:\/\/catolicanet.net\/wp-cnet\/wp-json\/wp\/v2\/media\/32779"}],"wp:attachment":[{"href":"https:\/\/catolicanet.net\/wp-cnet\/wp-json\/wp\/v2\/media?parent=45542"}],"wp:term":[{"taxonomy":"category","embeddable":true,"href":"https:\/\/catolicanet.net\/wp-cnet\/wp-json\/wp\/v2\/categories?post=45542"},{"taxonomy":"post_tag","embeddable":true,"href":"https:\/\/catolicanet.net\/wp-cnet\/wp-json\/wp\/v2\/tags?post=45542"}],"curies":[{"name":"wp","href":"https:\/\/api.w.org\/{rel}","templated":true}]}}