{"id":4552,"date":"2014-04-29T17:25:34","date_gmt":"2014-04-29T20:25:34","guid":{"rendered":"http:\/\/catolicanet.net\/wp-cnet\/chile-se-prepara-para-fundar-uma-fazenda-da-esperanca\/"},"modified":"2017-04-05T11:38:34","modified_gmt":"2017-04-05T14:38:34","slug":"chile-se-prepara-para-fundar-uma-fazenda-da-esperanca","status":"publish","type":"post","link":"https:\/\/catolicanet.net\/wp-cnet\/chile-se-prepara-para-fundar-uma-fazenda-da-esperanca\/","title":{"rendered":"Chile se prepara para fundar uma Fazenda da Esperan\u00e7a"},"content":{"rendered":"<p style=\"text-align: justify;\"><img decoding=\"async\" src=\"http:\/\/catolicanet.com.br\/images\/stories\/fazendachile1.jpg\" border=\"0\" align=\"left\" \/>Em 2007 foi plantado no cora\u00e7\u00e3o de dom Horacio Valenzuela, bispo da diocese de Talca, no Chile, d sonho de ter uma Fazenda da Esperan\u00e7a no seu pa\u00eds. Ele participou do encontro dos bispos em Aparecida-SP, com a presen\u00e7a de Bento 16, que tamb\u00e9m visitou a Fazenda da Esperan\u00e7a em Guaratinguet\u00e1. Por\u00e9m, as suas diversas atividades pastorais atrasaram a concretiza\u00e7\u00e3o do sonho.<\/p>\n<p style=\"text-align: justify;\">Em janeiro deste ano, o padre Sergio Diaz e tr\u00eas volunt\u00e1rios chilenos visitaram a comunidade no Brasil. Algum tempo depois, o sacerdote voltou com 22 jovens chilenos, dispostos a se recuperarem. Agora, transferido de par\u00f3quia e com menos responsabilidades ministeriais, padre Sergio voltou a acalentar o sonho do bispo. Em mar\u00e7o, ambos acolheram em seu pa\u00eds os fundadores da Fazenda e definiram o terreno onde ir\u00e3o construir a comunidade, com inaugura\u00e7\u00e3o prevista em 2015. Os jovens chilenos que atualmente se recuperam no Brasil ser\u00e3o, no pr\u00f3ximo ano, os Embaixadores da Esperan\u00e7a no Chile. Eles far\u00e3o a &#8220;ponte&#8221; entre a Fazenda da Esperan\u00e7a e a comunidade local e, atrav\u00e9s dos seus testemunhos, divulgar\u00e3o este trabalho. Aqui, dois deles relatam a sua busca para sair do inferno das drogas e do \u00e1lcool. <\/p>\n<p><strong>O que nos diz Ignacio<\/strong><\/p>\n<p><img decoding=\"async\" src=\"http:\/\/catolicanet.com.br\/images\/stories\/fazendachile22.jpg\" border=\"0\" align=\"right\" \/>O chileno Ign\u00e1cio Lynch, 33 anos, de Anca, usou drogas por 19 anos; esteve preso por oito e, h\u00e1 tempos, desejava mudar de vida. &#8220;No Chile, fiz dois tratamentos. Ambos focados apenas em aspectos psicol\u00f3gicos. Na Fazenda, a proposta \u00e9 caminhar com Deus. Eu acato a din\u00e2mica, mas ainda n\u00e3o sinto mudan\u00e7as porque cheguei recentemente! &#8216; <br \/>A m\u00e3e de Ign\u00e1cio admitia que o filho mais velho se drogasse em casa, pois temia que algo ruim pudesse acontecer com ele na rua. &#8220;Mas meu irm\u00e3o abusava de sua confian\u00e7a. Como os pais trabalhavam fora, quando eu chegava da escola, l\u00e1 estava ele com v\u00e1rios amigos se drogando. Aquilo despertou minha curiosidade e, aos 14 anos, j\u00e1 havia experimentado diversas drogas:&#8217; Apesar de desestruturada, a fam\u00edlia de Ign\u00e1cio tinha tudo em casa. &#8220;Meu vicio era mantido com v\u00e1rios roubos e, por esse motivo, peguei oito anos de pris\u00e3o. Nos \u00faltimos 18 meses de deten\u00e7\u00e3o, tive a oportunidade de participar da catequese ministrada por duas freiras na capela do pres\u00eddio&#8217;: Uma vez livre, Ign\u00e1cio perambulava pelas ruas, sozinho, sem teto, sem comida, sem fam\u00edlia. Voltou a cometer delitos para comer e se vestir. At\u00e9 tinha o apoio da fam\u00edlia, mas, por orgulho e vergonha, n\u00e3o lhe pedia ajuda. &#8220;Depois de um tempo, criei coragem e voltei para a casa. Eu passava por uma fase destrutiva, pensava em tirar a vida. A cada dia usava mais drogas e perguntava a Deus: &#8216;por que me mandaste aqui? Para sofrer?: A\u00ed, uma senhora da Pastoral Carcer\u00e1ria ligou-me e falou da Fazenda da Esperan\u00e7a. Fiquei entusiasmado&#8217;: Os jovens chegaram \u00e0 Fazenda da Esperan\u00e7a durante a celebra\u00e7\u00e3o da Missa do retiro de carnaval dos jovens. Ign\u00e1cio continua: &#8220;Entramos no sal\u00e3o. Cerca de 300 jovens cantavam e a can\u00e7\u00e3o arrepiou os pelos dos meus bra\u00e7os. Sou um tanto duro de cora\u00e7\u00e3o, mas sens\u00edvel a can\u00e7\u00f5es porque toco viol\u00e3o. Mas s\u00f3 aqui \u00e9 que percebi esta sensibilidade&#8221;.<\/p>\n<p style=\"text-align: center;\">\u00a0<\/p>\n<p style=\"text-align: justify;\"><strong>E o que relata Cristian<\/strong><\/p>\n<p> Outro jovem chileno a se recuperar no Brasil \u00e9 Cristian Fuenzalida, 33 anos, de Curic\u00f3, formado em geografia. Conheceu as drogas aos 11 anos, atrav\u00e9s do cigarro. No ensino m\u00e9dio experimentou outras, mais danosas. Cristian tem uma irm\u00e3 e uni irm\u00e3o mais velhos. O pai esteve doente a partir dos cinco anos do menino e, quando Cristian tinha 18 anos, o pai faleceu. &#8220;Minha m\u00e3e arrumou um novo marido. Eu n\u00e3o o aceitava. Tivemos v\u00e1rias discuss\u00f5es e at\u00e9 agress\u00f5es f\u00edsicas. Tudo, porque faz\u00edamos o que quer\u00edamos com nossa m\u00e3e, mas ele a defendia!&#8217; Na faculdade, em Valparaiso, fumava maconha e chegou a se prostituir. De volta para casa, roubava os pertences dos parentes. Passou a usar pasta-base de coca e o dinheiro nunca lhe era suficiente. &#8220;A fam\u00edlia me buscava na rua e nos bares. Por causa dela, com 28 anos, decidi me recuperar. Fiz um tratamento ambulatorial em uma cl\u00ednica particular; depois de um tempo, tive uma reca\u00edda e foi pior:&#8217; A m\u00e3e de Cristian trabalha na c\u00faria diocesana e, h\u00e1 dois anos, soube da exist\u00eancia da Fazenda da Esperan\u00e7a no Brasil. Ao saber que iriam abrir uma Fazenda no Chile, &#8220;senti \u2014 diz Cristian \u2014 que havia uma esperan\u00e7a para mim, mesmo sem nada saber a respeito dela, tampouco o seu nome&#8217;: Nos processos de recupera\u00e7\u00e3o, no Chile, as cl\u00ednicas sempre trabalham as condutas e nunca aprofundam a espiritualidade do dependente. &#8220;Aqui no Brasil \u2014 Cristian conclui \u2014 logo percebi que jamais havia colocado o meu plano nos planos de Deus, que \u00e9 viver no amor. Por causa da forma\u00e7\u00e3o universit\u00e1ria, sinto que tenho que descer do pedestal e me anular para abra\u00e7ar a oportunidade que me foi oferecida\u201d.<\/p>\n<p style=\"text-align: justify;\">\u00a0<\/p>\n<p style=\"text-align: justify;\"><strong>Fonte:<\/strong> Mundo e Miss\u00e3o<\/p>\n","protected":false},"excerpt":{"rendered":"<p>Em 2007 foi plantado no cora\u00e7\u00e3o de dom Horacio Valenzuela, bispo da diocese de Talca, no Chile, d sonho de ter uma Fazenda da Esperan\u00e7a no seu pa\u00eds. Ele participou do encontro dos bispos em Aparecida-SP, com a presen\u00e7a de Bento 16, que tamb\u00e9m visitou a Fazenda da Esperan\u00e7a em Guaratinguet\u00e1. Por\u00e9m, as suas diversas [&hellip;]<\/p>\n","protected":false},"author":1,"featured_media":0,"comment_status":"closed","ping_status":"closed","sticky":false,"template":"","format":"standard","meta":{"footnotes":""},"categories":[4],"tags":[],"class_list":["post-4552","post","type-post","status-publish","format-standard","hentry","category-cotidiano"],"_links":{"self":[{"href":"https:\/\/catolicanet.net\/wp-cnet\/wp-json\/wp\/v2\/posts\/4552","targetHints":{"allow":["GET"]}}],"collection":[{"href":"https:\/\/catolicanet.net\/wp-cnet\/wp-json\/wp\/v2\/posts"}],"about":[{"href":"https:\/\/catolicanet.net\/wp-cnet\/wp-json\/wp\/v2\/types\/post"}],"author":[{"embeddable":true,"href":"https:\/\/catolicanet.net\/wp-cnet\/wp-json\/wp\/v2\/users\/1"}],"replies":[{"embeddable":true,"href":"https:\/\/catolicanet.net\/wp-cnet\/wp-json\/wp\/v2\/comments?post=4552"}],"version-history":[{"count":1,"href":"https:\/\/catolicanet.net\/wp-cnet\/wp-json\/wp\/v2\/posts\/4552\/revisions"}],"predecessor-version":[{"id":9445,"href":"https:\/\/catolicanet.net\/wp-cnet\/wp-json\/wp\/v2\/posts\/4552\/revisions\/9445"}],"wp:attachment":[{"href":"https:\/\/catolicanet.net\/wp-cnet\/wp-json\/wp\/v2\/media?parent=4552"}],"wp:term":[{"taxonomy":"category","embeddable":true,"href":"https:\/\/catolicanet.net\/wp-cnet\/wp-json\/wp\/v2\/categories?post=4552"},{"taxonomy":"post_tag","embeddable":true,"href":"https:\/\/catolicanet.net\/wp-cnet\/wp-json\/wp\/v2\/tags?post=4552"}],"curies":[{"name":"wp","href":"https:\/\/api.w.org\/{rel}","templated":true}]}}